{"id":72536,"date":"2026-05-06T17:32:56","date_gmt":"2026-05-06T19:32:56","guid":{"rendered":"https:\/\/www2.comunitaria.com.br\/?p=72536"},"modified":"2026-05-06T17:32:56","modified_gmt":"2026-05-06T19:32:56","slug":"homem-investigado-por-tentativa-de-feminicidio-e-preso-em-planalto","status":"publish","type":"post","link":"https:\/\/www2.comunitaria.com.br\/en\/homem-investigado-por-tentativa-de-feminicidio-e-preso-em-planalto\/","title":{"rendered":"Homem investigado por tentativa de feminic\u00eddio \u00e9 preso em Planalto"},"content":{"rendered":"<p><em>Mandado de pris\u00e3o preventiva foi cumprido pela Brigada Militar no interior do munic\u00edpio<\/em><\/p>\n<div class=\"html\">\n<p>A Brigada Militar prendeu, na tarde de ter\u00e7a-feira (05), um homem de 40 anos investigado por tentativa de feminic\u00eddio no munic\u00edpio de Planalto.<\/p>\n<p>A a\u00e7\u00e3o foi realizada por equipes do 37\u00ba Batalh\u00e3o de Pol\u00edcia Militar (37\u00ba BPM), ap\u00f3s a guarni\u00e7\u00e3o receber informa\u00e7\u00f5es sobre a expedi\u00e7\u00e3o de mandado de pris\u00e3o preventiva contra o suspeito. Durante dilig\u00eancias, o indiv\u00edduo foi localizado em uma propriedade no interior do munic\u00edpio, onde foi abordado e detido.<\/p>\n<p>Ap\u00f3s a pris\u00e3o, o homem foi encaminhado para exame de les\u00f5es em unidade de sa\u00fade e, na sequ\u00eancia, conduzido ao Pres\u00eddio Estadual de Ira\u00ed, onde permanece \u00e0 disposi\u00e7\u00e3o da Justi\u00e7a.<\/p>\n<\/div>\n<div class=\"fonte\"><em>Fonte: Ramon Mendes &#8211; Jornalismo R\u00e1dio Ametista<\/em><\/div>","protected":false},"excerpt":{"rendered":"<p>Mandado de pris\u00e3o preventiva foi cumprido pela Brigada Militar no interior do munic\u00edpio A Brigada Militar prendeu, na tarde de ter\u00e7a-feira (05), um homem de 40 anos investigado por tentativa&#8230;<\/p>","protected":false},"author":2,"featured_media":72537,"comment_status":"closed","ping_status":"closed","sticky":false,"template":"","format":"standard","meta":{"ngg_post_thumbnail":0,"footnotes":""},"categories":[28,33,43],"tags":[],"class_list":["post-72536","post","type-post","status-publish","format-standard","has-post-thumbnail","hentry","category-destaque","category-noticias","category-regiao"],"amp_enabled":true,"_links":{"self":[{"href":"https:\/\/www2.comunitaria.com.br\/en\/wp-json\/wp\/v2\/posts\/72536","targetHints":{"allow":["GET"]}}],"collection":[{"href":"https:\/\/www2.comunitaria.com.br\/en\/wp-json\/wp\/v2\/posts"}],"about":[{"href":"https:\/\/www2.comunitaria.com.br\/en\/wp-json\/wp\/v2\/types\/post"}],"author":[{"embeddable":true,"href":"https:\/\/www2.comunitaria.com.br\/en\/wp-json\/wp\/v2\/users\/2"}],"replies":[{"embeddable":true,"href":"https:\/\/www2.comunitaria.com.br\/en\/wp-json\/wp\/v2\/comments?post=72536"}],"version-history":[{"count":0,"href":"https:\/\/www2.comunitaria.com.br\/en\/wp-json\/wp\/v2\/posts\/72536\/revisions"}],"wp:featuredmedia":[{"embeddable":true,"href":"https:\/\/www2.comunitaria.com.br\/en\/wp-json\/wp\/v2\/media\/72537"}],"wp:attachment":[{"href":"https:\/\/www2.comunitaria.com.br\/en\/wp-json\/wp\/v2\/media?parent=72536"}],"wp:term":[{"taxonomy":"category","embeddable":true,"href":"https:\/\/www2.comunitaria.com.br\/en\/wp-json\/wp\/v2\/categories?post=72536"},{"taxonomy":"post_tag","embeddable":true,"href":"https:\/\/www2.comunitaria.com.br\/en\/wp-json\/wp\/v2\/tags?post=72536"}],"curies":[{"name":"wp","href":"https:\/\/api.w.org\/{rel}","templated":true}]}}