{"id":72490,"date":"2026-04-27T11:59:56","date_gmt":"2026-04-27T13:59:56","guid":{"rendered":"https:\/\/www2.comunitaria.com.br\/?p=72490"},"modified":"2026-04-27T11:59:56","modified_gmt":"2026-04-27T13:59:56","slug":"maratona-da-fe-reune-mais-de-300-fieis-em-caminhada-de-42-km-na-regiao","status":"publish","type":"post","link":"https:\/\/www2.comunitaria.com.br\/en\/maratona-da-fe-reune-mais-de-300-fieis-em-caminhada-de-42-km-na-regiao\/","title":{"rendered":"Maratona da F\u00e9 re\u00fane mais de 300 fi\u00e9is em caminhada de 42 km na regi\u00e3o"},"content":{"rendered":"<p><em>Peregrina\u00e7\u00e3o entre Alpestre e Nonoai, mesmo sob chuva, refor\u00e7a devo\u00e7\u00e3o aos beatos Manuel e Ad\u00edlio<\/em><\/p>\n<div class=\"html\">\n<p>Mais de 300 fi\u00e9is participaram da 5\u00aa Maratona da F\u00e9, realizada no s\u00e1bado (25), em um percurso de 42 quil\u00f4metros entre Alpestre e Nonoai, com passagem por Rio dos \u00cdndios.<\/p>\n<p>A caminhada foi marcada por momentos de espiritualidade e supera\u00e7\u00e3o. Mesmo com chuva no trecho final, os participantes seguiram firmes na peregrina\u00e7\u00e3o em honra aos beatos Manuel e Ad\u00edlio.<\/p>\n<p>A chegada ao santu\u00e1rio, em Nonoai, foi marcada por emo\u00e7\u00e3o, encerrando a jornada com b\u00ean\u00e7\u00e3o conduzida pelos padres Evanglesio e Cristian.<\/p>\n<p>Consolidada como uma das principais manifesta\u00e7\u00f5es religiosas da regi\u00e3o, a Maratona da F\u00e9 tamb\u00e9m abre os preparativos para a 62\u00aa Romaria em honra aos beatos Manuel e Ad\u00edlio.<\/p>\n<\/div>\n<div class=\"fonte\"><em>Fonte: Sandro Crema &#8211; Jornalismo R\u00e1dio Ametista \/ Cristiano Pinto Not\u00edcias<\/em><\/div>","protected":false},"excerpt":{"rendered":"<p>Peregrina\u00e7\u00e3o entre Alpestre e Nonoai, mesmo sob chuva, refor\u00e7a devo\u00e7\u00e3o aos beatos Manuel e Ad\u00edlio Mais de 300 fi\u00e9is participaram da 5\u00aa Maratona da F\u00e9, realizada no s\u00e1bado (25), em&#8230;<\/p>","protected":false},"author":2,"featured_media":72491,"comment_status":"closed","ping_status":"closed","sticky":false,"template":"","format":"standard","meta":{"ngg_post_thumbnail":0,"footnotes":""},"categories":[28,33,43],"tags":[],"class_list":["post-72490","post","type-post","status-publish","format-standard","has-post-thumbnail","hentry","category-destaque","category-noticias","category-regiao"],"amp_enabled":true,"_links":{"self":[{"href":"https:\/\/www2.comunitaria.com.br\/en\/wp-json\/wp\/v2\/posts\/72490","targetHints":{"allow":["GET"]}}],"collection":[{"href":"https:\/\/www2.comunitaria.com.br\/en\/wp-json\/wp\/v2\/posts"}],"about":[{"href":"https:\/\/www2.comunitaria.com.br\/en\/wp-json\/wp\/v2\/types\/post"}],"author":[{"embeddable":true,"href":"https:\/\/www2.comunitaria.com.br\/en\/wp-json\/wp\/v2\/users\/2"}],"replies":[{"embeddable":true,"href":"https:\/\/www2.comunitaria.com.br\/en\/wp-json\/wp\/v2\/comments?post=72490"}],"version-history":[{"count":0,"href":"https:\/\/www2.comunitaria.com.br\/en\/wp-json\/wp\/v2\/posts\/72490\/revisions"}],"wp:featuredmedia":[{"embeddable":true,"href":"https:\/\/www2.comunitaria.com.br\/en\/wp-json\/wp\/v2\/media\/72491"}],"wp:attachment":[{"href":"https:\/\/www2.comunitaria.com.br\/en\/wp-json\/wp\/v2\/media?parent=72490"}],"wp:term":[{"taxonomy":"category","embeddable":true,"href":"https:\/\/www2.comunitaria.com.br\/en\/wp-json\/wp\/v2\/categories?post=72490"},{"taxonomy":"post_tag","embeddable":true,"href":"https:\/\/www2.comunitaria.com.br\/en\/wp-json\/wp\/v2\/tags?post=72490"}],"curies":[{"name":"wp","href":"https:\/\/api.w.org\/{rel}","templated":true}]}}