{"id":72438,"date":"2026-04-20T19:13:10","date_gmt":"2026-04-20T21:13:10","guid":{"rendered":"https:\/\/www2.comunitaria.com.br\/?p=72438"},"modified":"2026-04-20T19:13:10","modified_gmt":"2026-04-20T21:13:10","slug":"cresol-raiz-conclui-formacao-para-40-associados-com-foco-no-cooperativismo","status":"publish","type":"post","link":"https:\/\/www2.comunitaria.com.br\/en\/cresol-raiz-conclui-formacao-para-40-associados-com-foco-no-cooperativismo\/","title":{"rendered":"Cresol Raiz conclui forma\u00e7\u00e3o para 40 associados com foco no cooperativismo"},"content":{"rendered":"<p><em>Forma\u00e7\u00e3o refor\u00e7ou o papel dos cooperados como agentes de transforma\u00e7\u00e3o nas comunidades<\/em><\/p>\n<p>A<a href=\"https:\/\/www.instagram.com\/cresolraiz\/\" target=\"_blank\" rel=\"noreferrer noopener nofollow\" data-type=\"link\" data-id=\"https:\/\/www.instagram.com\/cresolraiz\/\">&nbsp;Cresol Raiz<\/a>&nbsp;concluiu mais um ciclo de forma\u00e7\u00e3o voltado a l\u00edderes e embaixadores da cooperativa. O objetivo foi fortalecer o conhecimento sobre o&nbsp;<a href=\"https:\/\/blog.cresol.com.br\/o-que-e-cooperativismo\/\" target=\"_blank\" rel=\"noreferrer noopener\" data-type=\"link\" data-id=\"https:\/\/blog.cresol.com.br\/o-que-e-cooperativismo\/\">cooperativismo<\/a>, aprimorar habilidades de lideran\u00e7a e ampliar a capacidade de atua\u00e7\u00e3o junto \u00e0s comunidades.&nbsp;<\/p>\n<p>A forma\u00e7\u00e3o contou com 40 participantes de seis cidades do norte ga\u00facho. Participaram conselheiros da cooperativa e embaixadores, que s\u00e3o cooperados que atuam como representantes da&nbsp;<strong>Cresol<\/strong>&nbsp;em suas comunidades, contribuindo para a dissemina\u00e7\u00e3o de informa\u00e7\u00f5es, orienta\u00e7\u00e3o aos associados e fortalecimento do relacionamento local.<\/p>\n<p>A forma\u00e7\u00e3o teve in\u00edcio em fevereiro e contou com o apoio da&nbsp;<a href=\"https:\/\/www.escoop.edu.br\/\" target=\"_blank\" rel=\"noreferrer noopener nofollow\" data-type=\"link\" data-id=\"https:\/\/www.escoop.edu.br\/\">Escola Superior do Cooperativismo (Escoop)<\/a>. A qualifica\u00e7\u00e3o realizada em Frederico Westphalen (RS) foi estruturada em quatro m\u00f3dulos presenciais: fundamentos do cooperativismo e desenvolvimento; lideran\u00e7a estrat\u00e9gica e comunica\u00e7\u00e3o; gest\u00e3o de neg\u00f3cios cooperativistas; e governan\u00e7a e sustentabilidade.<\/p>\n<p>Para o agricultor Leonardo Azevedo Eloy, de 29 anos, de Pinheirinho do Vale (RS), a experi\u00eancia trouxe aprendizados importantes para sua atua\u00e7\u00e3o. \u201cA capacita\u00e7\u00e3o foi de muita import\u00e2ncia, pois a gente acaba vendo melhor como funciona o cooperativismo, aprende um pouco mais sobre v\u00e1rios fatores. Isso ajuda na comunidade para orientar as pessoas que t\u00eam d\u00favidas sobre a Cresol e sobre como funciona o cooperativismo. A gente acaba sendo esse elo de liga\u00e7\u00e3o entre a cooperativa, os associados e a comunidade em geral\u201d, destaca o agricultor.<\/p>\n<p>A capacita\u00e7\u00e3o refor\u00e7a o compromisso da Cresol Raiz com a forma\u00e7\u00e3o cont\u00ednua de seus cooperados e lideran\u00e7as, valorizando a educa\u00e7\u00e3o cooperativista como ferramenta essencial para o desenvolvimento sustent\u00e1vel das comunidades onde atua.<\/p>","protected":false},"excerpt":{"rendered":"<p>Forma\u00e7\u00e3o refor\u00e7ou o papel dos cooperados como agentes de transforma\u00e7\u00e3o nas comunidades A&nbsp;Cresol Raiz&nbsp;concluiu mais um ciclo de forma\u00e7\u00e3o voltado a l\u00edderes e embaixadores da cooperativa. O objetivo foi fortalecer o conhecimento sobre o&nbsp;cooperativismo, aprimorar habilidades de lideran\u00e7a e ampliar a capacidade de atua\u00e7\u00e3o junto \u00e0s comunidades.&nbsp; A forma\u00e7\u00e3o contou com 40 participantes de seis<\/p>\n<div class=\"read-more-wrapper\"><a class=\"read-more\" href=\"https:\/\/www2.comunitaria.com.br\/en\/cresol-raiz-conclui-formacao-para-40-associados-com-foco-no-cooperativismo\/\" title=\"Read More\"> <span class=\"button\">Read More<\/span><\/a><\/div>","protected":false},"author":2,"featured_media":72439,"comment_status":"closed","ping_status":"closed","sticky":false,"template":"","format":"standard","meta":{"ngg_post_thumbnail":0,"footnotes":""},"categories":[28,33],"tags":[],"class_list":["post-72438","post","type-post","status-publish","format-standard","has-post-thumbnail","hentry","category-destaque","category-noticias"],"amp_enabled":true,"_links":{"self":[{"href":"https:\/\/www2.comunitaria.com.br\/en\/wp-json\/wp\/v2\/posts\/72438","targetHints":{"allow":["GET"]}}],"collection":[{"href":"https:\/\/www2.comunitaria.com.br\/en\/wp-json\/wp\/v2\/posts"}],"about":[{"href":"https:\/\/www2.comunitaria.com.br\/en\/wp-json\/wp\/v2\/types\/post"}],"author":[{"embeddable":true,"href":"https:\/\/www2.comunitaria.com.br\/en\/wp-json\/wp\/v2\/users\/2"}],"replies":[{"embeddable":true,"href":"https:\/\/www2.comunitaria.com.br\/en\/wp-json\/wp\/v2\/comments?post=72438"}],"version-history":[{"count":0,"href":"https:\/\/www2.comunitaria.com.br\/en\/wp-json\/wp\/v2\/posts\/72438\/revisions"}],"wp:featuredmedia":[{"embeddable":true,"href":"https:\/\/www2.comunitaria.com.br\/en\/wp-json\/wp\/v2\/media\/72439"}],"wp:attachment":[{"href":"https:\/\/www2.comunitaria.com.br\/en\/wp-json\/wp\/v2\/media?parent=72438"}],"wp:term":[{"taxonomy":"category","embeddable":true,"href":"https:\/\/www2.comunitaria.com.br\/en\/wp-json\/wp\/v2\/categories?post=72438"},{"taxonomy":"post_tag","embeddable":true,"href":"https:\/\/www2.comunitaria.com.br\/en\/wp-json\/wp\/v2\/tags?post=72438"}],"curies":[{"name":"wp","href":"https:\/\/api.w.org\/{rel}","templated":true}]}}