{"id":72419,"date":"2026-04-17T14:32:06","date_gmt":"2026-04-17T16:32:06","guid":{"rendered":"https:\/\/www2.comunitaria.com.br\/?p=72419"},"modified":"2026-04-17T14:32:06","modified_gmt":"2026-04-17T16:32:06","slug":"sesc-frederico-westphalen-promove-formacao-sobre-lei-lucas-em-novo-tiradentes","status":"publish","type":"post","link":"https:\/\/www2.comunitaria.com.br\/en\/sesc-frederico-westphalen-promove-formacao-sobre-lei-lucas-em-novo-tiradentes\/","title":{"rendered":"Sesc Frederico Westphalen promove forma\u00e7\u00e3o sobre Lei Lucas em Novo Tiradentes"},"content":{"rendered":"<p><em>Legisla\u00e7\u00e3o \u00e9 voltada ao preparo em primeiros socorros para profissionais da educa\u00e7\u00e3o<\/em><\/p>\n<p dir=\"ltr\">O Sesc Frederico Westphalen, em parceria com a Prefeitura Municipal de Novo Tiradentes, realizou na \u00faltima quarta-feira, 15 de abril, uma forma\u00e7\u00e3o sobre a Lei Lucas, voltada \u00e0 capacita\u00e7\u00e3o de profissionais da educa\u00e7\u00e3o para atua\u00e7\u00e3o em emerg\u00eancias no Munic\u00edpio.<\/p>\n<p dir=\"ltr\">A atividade ocorreu na EMEI Elemar Battisti, com in\u00edcio \u00e0s 7h30, reunindo monitores e professores de Novo Tiradentes. A forma\u00e7\u00e3o foi ministrada por Sidney de Oliveira Jesus, da empresa RegiSeg, que conduziu orienta\u00e7\u00f5es pr\u00e1ticas e te\u00f3ricas sobre primeiros socorros, refor\u00e7ando procedimentos essenciais para atendimento r\u00e1pido e correto em casos de acidentes no ambiente escolar.<\/p>\n<p dir=\"ltr\">A Lei Lucas determina a prepara\u00e7\u00e3o de professores e funcion\u00e1rios de escolas no atendimento de primeiros socorros a estudantes, garantindo maior preven\u00e7\u00e3o e resposta em situa\u00e7\u00f5es de risco. A iniciativa refor\u00e7a o compromisso do Sesc e do poder p\u00fablico municipal com a seguran\u00e7a e o cuidado dentro das institui\u00e7\u00f5es de ensino, promovendo conhecimento e preparo aos profissionais que atuam diretamente com crian\u00e7as e estudantes.<\/p>","protected":false},"excerpt":{"rendered":"<p>Legisla\u00e7\u00e3o \u00e9 voltada ao preparo em primeiros socorros para profissionais da educa\u00e7\u00e3o O Sesc Frederico Westphalen, em parceria com a Prefeitura Municipal de Novo Tiradentes, realizou na \u00faltima quarta-feira, 15 de abril, uma forma\u00e7\u00e3o sobre a Lei Lucas, voltada \u00e0 capacita\u00e7\u00e3o de profissionais da educa\u00e7\u00e3o para atua\u00e7\u00e3o em emerg\u00eancias no Munic\u00edpio. A atividade ocorreu na<\/p>\n<div class=\"read-more-wrapper\"><a class=\"read-more\" href=\"https:\/\/www2.comunitaria.com.br\/en\/sesc-frederico-westphalen-promove-formacao-sobre-lei-lucas-em-novo-tiradentes\/\" title=\"Read More\"> <span class=\"button\">Read More<\/span><\/a><\/div>","protected":false},"author":2,"featured_media":72420,"comment_status":"closed","ping_status":"closed","sticky":false,"template":"","format":"standard","meta":{"ngg_post_thumbnail":0,"footnotes":""},"categories":[28,33],"tags":[],"class_list":["post-72419","post","type-post","status-publish","format-standard","has-post-thumbnail","hentry","category-destaque","category-noticias"],"amp_enabled":true,"_links":{"self":[{"href":"https:\/\/www2.comunitaria.com.br\/en\/wp-json\/wp\/v2\/posts\/72419","targetHints":{"allow":["GET"]}}],"collection":[{"href":"https:\/\/www2.comunitaria.com.br\/en\/wp-json\/wp\/v2\/posts"}],"about":[{"href":"https:\/\/www2.comunitaria.com.br\/en\/wp-json\/wp\/v2\/types\/post"}],"author":[{"embeddable":true,"href":"https:\/\/www2.comunitaria.com.br\/en\/wp-json\/wp\/v2\/users\/2"}],"replies":[{"embeddable":true,"href":"https:\/\/www2.comunitaria.com.br\/en\/wp-json\/wp\/v2\/comments?post=72419"}],"version-history":[{"count":0,"href":"https:\/\/www2.comunitaria.com.br\/en\/wp-json\/wp\/v2\/posts\/72419\/revisions"}],"wp:featuredmedia":[{"embeddable":true,"href":"https:\/\/www2.comunitaria.com.br\/en\/wp-json\/wp\/v2\/media\/72420"}],"wp:attachment":[{"href":"https:\/\/www2.comunitaria.com.br\/en\/wp-json\/wp\/v2\/media?parent=72419"}],"wp:term":[{"taxonomy":"category","embeddable":true,"href":"https:\/\/www2.comunitaria.com.br\/en\/wp-json\/wp\/v2\/categories?post=72419"},{"taxonomy":"post_tag","embeddable":true,"href":"https:\/\/www2.comunitaria.com.br\/en\/wp-json\/wp\/v2\/tags?post=72419"}],"curies":[{"name":"wp","href":"https:\/\/api.w.org\/{rel}","templated":true}]}}