{"id":72412,"date":"2026-04-17T12:38:23","date_gmt":"2026-04-17T14:38:23","guid":{"rendered":"https:\/\/www2.comunitaria.com.br\/?p=72412"},"modified":"2026-04-17T12:38:23","modified_gmt":"2026-04-17T14:38:23","slug":"estudantes-de-sistemas-de-informacao-da-ufsm-fw-criam-site-para-a-ong-bicho-do-mato","status":"publish","type":"post","link":"https:\/\/www2.comunitaria.com.br\/en\/estudantes-de-sistemas-de-informacao-da-ufsm-fw-criam-site-para-a-ong-bicho-do-mato\/","title":{"rendered":"Estudantes de Sistemas de Informa\u00e7\u00e3o da UFSM\/FW criam site para a ONG  Bicho do Mato"},"content":{"rendered":"<p><em>A entidade \u00e9 voltada ao acolhimento de animais em situa\u00e7\u00e3o de abandono, maus-tratos e vulnerabilidade<\/em><\/p>\n<p>Visando uma aproxima\u00e7\u00e3o com a comunidade, o curso de Sistemas de Informa\u00e7\u00e3o do Campus da Universidade Federal de Santa Maria em Frederico Westphale (UFSM\/FW) ofertou, no segundo semestre de 2025, a disciplina \u201cSistemas de Informa\u00e7\u00e3o e Extens\u00e3o\u201d, ministrada pela professora do Departamento de Tecnologia da Informa\u00e7\u00e3o,<br \/>\nAdriana Pereira, Doutora em Computa\u00e7\u00e3o. A atividade possibilitou que os acad\u00eamicos aplicassem na pr\u00e1tica os conhecimentos t\u00e9cnicos desenvolvidos ao longo do curso, contribuindo com empresas que n\u00e3o disp\u00f5em de recursos para investir em solu\u00e7\u00f5es tecnol\u00f3gicas. Assim, surgiu a parceria com a ONG Bicho do Mato, organiza\u00e7\u00e3o n\u00e3o-<br \/>\ngovernamental voltada ao acolhimento de animais em situa\u00e7\u00e3o de abandono, maus-tratos e vulnerabilidade.<\/p>\n<p>A iniciativa partiu dos pr\u00f3prios estudantes, que trouxeram a demanda da ONG para a disciplina, a partir do conhecimento pr\u00e9vio da realidade da institui\u00e7\u00e3o. Com base em compet\u00eancias desenvolvidas em \u00e1reas como Engenharia de Software, Programa\u00e7\u00e3o Web e Banco de Dados, o grupo desenvolveu um site institucional com o objetivo de ampliar a visibilidade da organiza\u00e7\u00e3o.<\/p>\n<p>Al\u00e9m da cria\u00e7\u00e3o da plataforma, os estudantes tamb\u00e9m contribu\u00edram com o pagamento do dom\u00ednio e com a doa\u00e7\u00e3o de dois notebooks aos respons\u00e1veis pela ONG. Uma iniciativa que possibilita maior autonomia na gest\u00e3o e atualiza\u00e7\u00e3o do conte\u00fado.<\/p>\n<p>Continuidade das a\u00e7\u00f5es<\/p>\n<p>No primeiro semestre de 2026, o projeto tem continuidade na disciplina \u201cSolu\u00e7\u00f5es Web para Inclus\u00e3o e Transforma\u00e7\u00e3o Comunit\u00e1ria\u201d, tamb\u00e9m ministrada por Pereira. Nesta etapa, os estudantes seguem envolvidos com a iniciativa, sendo respons\u00e1veis pela atualiza\u00e7\u00e3o do site, produ\u00e7\u00e3o de novos conte\u00fados e fortalecimento da divulga\u00e7\u00e3o da ONG no ambiente digital.<\/p>\n<p>A proposta amplia o alcance da a\u00e7\u00e3o de extens\u00e3o, ao garantir n\u00e3o apenas o desenvolvimento da ferramenta, mas tamb\u00e9m sua manuten\u00e7\u00e3o e uso estrat\u00e9gico. Segundo a docente, a proposta est\u00e1 diretamente relacionada ao papel social da universidade. \u201cNem todas as organiza\u00e7\u00f5es t\u00eam condi\u00e7\u00f5es de desenvolver seus pr\u00f3prios sistemas. Por isso,<br \/>\ntrabalhamos com a\u00e7\u00f5es volunt\u00e1rias que permitem aos estudantes aplicar seus conhecimentos em projetos reais, com impacto direto na comunidade\u201d, explica.<\/p>\n<p>Forma\u00e7\u00e3o acad\u00eamica e compromisso social<\/p>\n<p>A experi\u00eancia de aplicar o conhecimento em um projeto real \u00e9 vista como um aprofundamento pr\u00e1tico na forma\u00e7\u00e3o dos estudantes de Sistemas de Informa\u00e7\u00e3o. Segundo Adriana, essas a\u00e7\u00f5es permitem que o curso conecte a tecnologia com causas sociais.<\/p>\n<p>Ao trabalharem diretamente com a comunidade, os alunos saem da intera\u00e7\u00e3o exclusiva, homem-m\u00e1quina para vivenciar o contato pessoal, humanizando o aprendizado. Como os estudantes envolvidos j\u00e1 est\u00e3o no sexto semestre, eles utilizam uma base t\u00e9cnica complexa de disciplinas, como Engenharia de Software, Programa\u00e7\u00e3o Web e Banco de<\/p>\n<p>Dados para projetar solu\u00e7\u00f5es que atendem \u00e0 organiza\u00e7\u00e3o de conte\u00fados e \u00e0 melhoria da experi\u00eancia do usu\u00e1rio no site. Na vis\u00e3o da professora, a viv\u00eancia pr\u00e1tica \u00e9 essencial, pois os alunos atuam no mercado de trabalho e conseguem alinhar a pr\u00e1tica profissional com o compromisso volunt\u00e1rio.<\/p>\n<p>Sobre a ONG Bicho do Mato<\/p>\n<p>A ONG Bicho do Mato foi fundada em 30 de janeiro de 2018 por Luiz Carlos Rodrigues e Izabel Antunes. Localizada na Vila Linha Ira\u00ed, no interior de Frederico Westphalen, a organiza\u00e7\u00e3o acolhe atualmente cerca de 92 c\u00e3es e 22 gatos.<\/p>\n<p>Al\u00e9m do abrigo, a ONG mant\u00e9m uma boutique no munic\u00edpio, que constitui sua principal fonte de renda, por meio da venda de roupas, acess\u00f3rios e outros itens. A institui\u00e7\u00e3o tamb\u00e9m conta com parcerias espor\u00e1dicas com o poder p\u00fablico, profissionais da \u00e1rea veterin\u00e1ria e doa\u00e7\u00f5es da comunidade.<\/p>\n<p>Impactos e perspectivas<\/p>\n<p>A escolha da ONG Bicho do Mato foi motivada pela sua baixa visibilidade digital, visto que se localiza no interior do munic\u00edpio. Diferente de outras institui\u00e7\u00f5es da cidade, a organiza\u00e7\u00e3o n\u00e3o possu\u00eda site pr\u00f3prio e contato profissional, o que dificultava a atra\u00e7\u00e3o de volunt\u00e1rios e a capta\u00e7\u00e3o de recursos essenciais. Al\u00e9m disso, o acolhimento de grande<br \/>\nquantidade de animais de rua e o trabalho humanit\u00e1rio para garantir o bem-estar desses pets, foram fatores determinantes para que a universidade decidisse intervir com uma solu\u00e7\u00e3o tecnol\u00f3gica.<\/p>\n<p>Para a professora Adriana, o projeto n\u00e3o \u00e9 uma via de m\u00e3o \u00fanica. &amp;quot;A ideia \u00e9 que o site n\u00e3o seja apenas informativo, mas uma ferramenta de transforma\u00e7\u00e3o que chame a aten\u00e7\u00e3o e sensibilize a sociedade sobre o trabalho realizado pelos volunt\u00e1rios&amp;quot;, complementa. A expectativa \u00e9 que, com a manuten\u00e7\u00e3o cont\u00ednua do site e a divulga\u00e7\u00e3o dos animais dispon\u00edveis para ado\u00e7\u00e3o, a ONG consiga ampliar a rede de ado\u00e7\u00f5es e as doa\u00e7\u00f5es da<br \/>\ncomunidade local.<\/p>\n<p><em>Texto: Cristiane Antunes Rodrigues, estagi\u00e1ria do Curso de Jornalismo da UFSM\/FW<\/em><br \/>\n<em>Foto: arquivo pessoal da professora Adriana Pereira<\/em><br \/>\n<em>Edi\u00e7\u00e3o: Cristina Guerini<\/em><\/p>","protected":false},"excerpt":{"rendered":"<p>A entidade \u00e9 voltada ao acolhimento de animais em situa\u00e7\u00e3o de abandono, maus-tratos e vulnerabilidade Visando uma aproxima\u00e7\u00e3o com a comunidade, o curso de Sistemas de Informa\u00e7\u00e3o do Campus da Universidade Federal de Santa Maria em Frederico Westphale (UFSM\/FW) ofertou, no segundo semestre de 2025, a disciplina \u201cSistemas de Informa\u00e7\u00e3o e Extens\u00e3o\u201d, ministrada pela professora<\/p>\n<div class=\"read-more-wrapper\"><a class=\"read-more\" href=\"https:\/\/www2.comunitaria.com.br\/en\/estudantes-de-sistemas-de-informacao-da-ufsm-fw-criam-site-para-a-ong-bicho-do-mato\/\" title=\"Read More\"> <span class=\"button\">Read More<\/span><\/a><\/div>","protected":false},"author":2,"featured_media":72413,"comment_status":"closed","ping_status":"closed","sticky":false,"template":"","format":"standard","meta":{"ngg_post_thumbnail":0,"footnotes":""},"categories":[42,28,33],"tags":[],"class_list":["post-72412","post","type-post","status-publish","format-standard","has-post-thumbnail","hentry","category-fred-west","category-destaque","category-noticias"],"amp_enabled":true,"_links":{"self":[{"href":"https:\/\/www2.comunitaria.com.br\/en\/wp-json\/wp\/v2\/posts\/72412","targetHints":{"allow":["GET"]}}],"collection":[{"href":"https:\/\/www2.comunitaria.com.br\/en\/wp-json\/wp\/v2\/posts"}],"about":[{"href":"https:\/\/www2.comunitaria.com.br\/en\/wp-json\/wp\/v2\/types\/post"}],"author":[{"embeddable":true,"href":"https:\/\/www2.comunitaria.com.br\/en\/wp-json\/wp\/v2\/users\/2"}],"replies":[{"embeddable":true,"href":"https:\/\/www2.comunitaria.com.br\/en\/wp-json\/wp\/v2\/comments?post=72412"}],"version-history":[{"count":0,"href":"https:\/\/www2.comunitaria.com.br\/en\/wp-json\/wp\/v2\/posts\/72412\/revisions"}],"wp:featuredmedia":[{"embeddable":true,"href":"https:\/\/www2.comunitaria.com.br\/en\/wp-json\/wp\/v2\/media\/72413"}],"wp:attachment":[{"href":"https:\/\/www2.comunitaria.com.br\/en\/wp-json\/wp\/v2\/media?parent=72412"}],"wp:term":[{"taxonomy":"category","embeddable":true,"href":"https:\/\/www2.comunitaria.com.br\/en\/wp-json\/wp\/v2\/categories?post=72412"},{"taxonomy":"post_tag","embeddable":true,"href":"https:\/\/www2.comunitaria.com.br\/en\/wp-json\/wp\/v2\/tags?post=72412"}],"curies":[{"name":"wp","href":"https:\/\/api.w.org\/{rel}","templated":true}]}}