{"id":72379,"date":"2026-04-15T13:49:52","date_gmt":"2026-04-15T15:49:52","guid":{"rendered":"https:\/\/www2.comunitaria.com.br\/?p=72379"},"modified":"2026-04-15T13:49:52","modified_gmt":"2026-04-15T15:49:52","slug":"sesc-frederico-westphalen-promove-vitrine-literaria-em-homenagem-ao-dia-nacional-do-livro-infantil","status":"publish","type":"post","link":"https:\/\/www2.comunitaria.com.br\/en\/sesc-frederico-westphalen-promove-vitrine-literaria-em-homenagem-ao-dia-nacional-do-livro-infantil\/","title":{"rendered":"Sesc Frederico Westphalen promove Vitrine Liter\u00e1ria em homenagem ao Dia Nacional do Livro Infantil"},"content":{"rendered":"<p dir=\"ltr\"><em>A\u00e7\u00e3o ocorre de 16 a 30\/04<\/em><\/p>\n<p dir=\"ltr\">Em comemora\u00e7\u00e3o ao Dia Nacional do Livro Infantil, celebrado em 18 de abril, o&nbsp;Sesc Frederico Westphalen&nbsp;promove, entre os dias 16 e 30 de abril, uma&nbsp;Vitrine Liter\u00e1ria&nbsp;especial na biblioteca da Unidade. A a\u00e7\u00e3o busca valorizar a literatura infantil e incentivar o h\u00e1bito da leitura desde a inf\u00e2ncia, destacando obras que marcaram gera\u00e7\u00f5es e que seguem despertando imagina\u00e7\u00e3o, criatividade e aprendizado.<\/p>\n<p dir=\"ltr\">A exposi\u00e7\u00e3o re\u00fane t\u00edtulos voltados ao p\u00fablico infantil, com destaque para autores consagrados e hist\u00f3rias cl\u00e1ssicas, al\u00e9m de livros contempor\u00e2neos que dialogam com temas atuais e com o universo das crian\u00e7as. Durante o per\u00edodo, os visitantes poder\u00e3o conhecer sugest\u00f5es de leitura, explorar novas narrativas e aproveitar o espa\u00e7o da biblioteca como ambiente de descoberta e forma\u00e7\u00e3o cultural.<\/p>\n<p dir=\"ltr\">O Dia Nacional do Livro Infantil \u00e9 celebrado em refer\u00eancia ao nascimento de Monteiro Lobato, considerado um dos principais nomes da literatura infantil brasileira e autor de O S\u00edtio do Picapau Amarelo. A visita\u00e7\u00e3o \u00e0 Vitrine Liter\u00e1ria acontece durante o hor\u00e1rio de funcionamento da biblioteca: das 08h \u00e0s 20h, de segunda \u00e0 sexta-feira, e, aos s\u00e1bados, das 08h \u00e0s 12h. Mais informa\u00e7\u00f5es podem ser obtidas pelas redes sociais, em @SescFredericoWestphalen.<\/p>","protected":false},"excerpt":{"rendered":"<p>A\u00e7\u00e3o ocorre de 16 a 30\/04 Em comemora\u00e7\u00e3o ao Dia Nacional do Livro Infantil, celebrado em 18 de abril, o&nbsp;Sesc Frederico Westphalen&nbsp;promove, entre os dias 16 e 30 de abril,&#8230;<\/p>","protected":false},"author":2,"featured_media":72380,"comment_status":"closed","ping_status":"closed","sticky":false,"template":"","format":"standard","meta":{"ngg_post_thumbnail":0,"footnotes":""},"categories":[42,28,33],"tags":[],"class_list":["post-72379","post","type-post","status-publish","format-standard","has-post-thumbnail","hentry","category-fred-west","category-destaque","category-noticias"],"amp_enabled":true,"_links":{"self":[{"href":"https:\/\/www2.comunitaria.com.br\/en\/wp-json\/wp\/v2\/posts\/72379","targetHints":{"allow":["GET"]}}],"collection":[{"href":"https:\/\/www2.comunitaria.com.br\/en\/wp-json\/wp\/v2\/posts"}],"about":[{"href":"https:\/\/www2.comunitaria.com.br\/en\/wp-json\/wp\/v2\/types\/post"}],"author":[{"embeddable":true,"href":"https:\/\/www2.comunitaria.com.br\/en\/wp-json\/wp\/v2\/users\/2"}],"replies":[{"embeddable":true,"href":"https:\/\/www2.comunitaria.com.br\/en\/wp-json\/wp\/v2\/comments?post=72379"}],"version-history":[{"count":0,"href":"https:\/\/www2.comunitaria.com.br\/en\/wp-json\/wp\/v2\/posts\/72379\/revisions"}],"wp:featuredmedia":[{"embeddable":true,"href":"https:\/\/www2.comunitaria.com.br\/en\/wp-json\/wp\/v2\/media\/72380"}],"wp:attachment":[{"href":"https:\/\/www2.comunitaria.com.br\/en\/wp-json\/wp\/v2\/media?parent=72379"}],"wp:term":[{"taxonomy":"category","embeddable":true,"href":"https:\/\/www2.comunitaria.com.br\/en\/wp-json\/wp\/v2\/categories?post=72379"},{"taxonomy":"post_tag","embeddable":true,"href":"https:\/\/www2.comunitaria.com.br\/en\/wp-json\/wp\/v2\/tags?post=72379"}],"curies":[{"name":"wp","href":"https:\/\/api.w.org\/{rel}","templated":true}]}}