{"id":72307,"date":"2026-04-08T14:24:46","date_gmt":"2026-04-08T16:24:46","guid":{"rendered":"https:\/\/www2.comunitaria.com.br\/?p=72307"},"modified":"2026-04-08T14:24:46","modified_gmt":"2026-04-08T16:24:46","slug":"sesc-frederico-westphalen-promove-aulao-de-yoga-com-foco-em-acao-social","status":"publish","type":"post","link":"https:\/\/www2.comunitaria.com.br\/en\/sesc-frederico-westphalen-promove-aulao-de-yoga-com-foco-em-acao-social\/","title":{"rendered":"Sesc Frederico Westphalen promove aul\u00e3o de yoga com foco em a\u00e7\u00e3o social"},"content":{"rendered":"<p><em>Atividade gratuita acontece no dia 11\/04 e convida a comunidade a contribuir com o projeto \u201cPedacinhos de Amor\u201d<\/em><\/p>\n<p dir=\"ltr\">No s\u00e1bado,&nbsp;11 de abril, a comunidade de Frederico Westphalen e regi\u00e3o est\u00e1 convidada a participar de uma manh\u00e3 especial que une sa\u00fade, conex\u00e3o e solidariedade. O&nbsp;Aul\u00e3o de Yoga Solid\u00e1rio&nbsp;acontece \u00e0s&nbsp;8h, no Bosque da URI (Av. Assis Brasil, 709), com participa\u00e7\u00e3o aberta ao p\u00fablico de todas as idades. A iniciativa \u00e9 promovida pelo&nbsp;Sesc Frederico Westphalen&nbsp;e integra as a\u00e7\u00f5es do programa Sesc Maturidade Ativa, voltado \u00e0 qualidade de vida e bem-estar para pessoas com 60 anos ou mais.<\/p>\n<p dir=\"ltr\">Al\u00e9m da pr\u00e1tica coletiva de yoga, os participantes s\u00e3o convidados a contribuir com o projeto \u201cPedacinhos de Amor\u201d, por meio da doa\u00e7\u00e3o de novelos de l\u00e3. A iniciativa re\u00fane integrantes do Maturidade Ativa na confec\u00e7\u00e3o de mantas destinadas a pessoas em situa\u00e7\u00e3o de vulnerabilidade, refor\u00e7ando o car\u00e1ter solid\u00e1rio da a\u00e7\u00e3o.<\/p>\n<p dir=\"ltr\">\u201cTodos est\u00e3o convidados a levarem seus tapetes, roupas confort\u00e1veis e, principalmente, o esp\u00edrito de colabora\u00e7\u00e3o. A proposta \u00e9 simples: alongar, respirar e contribuir para aquecer o inverno de quem mais precisa\u201d, destaca a facilitadora do Sesc Frederico Westphalen, Taylaine Bencke.<\/p>\n<p dir=\"ltr\">O evento conta com o apoio do Est\u00fadio de Yoga Valeria Consalter e da URI, refor\u00e7ando a import\u00e2ncia de iniciativas comunit\u00e1rias que promovem bem-estar, integra\u00e7\u00e3o e cuidado com o pr\u00f3ximo.&nbsp;<\/p>\n<p dir=\"ltr\">&nbsp;<\/p>","protected":false},"excerpt":{"rendered":"<p>Atividade gratuita acontece no dia 11\/04 e convida a comunidade a contribuir com o projeto \u201cPedacinhos de Amor\u201d No s\u00e1bado,&nbsp;11 de abril, a comunidade de Frederico Westphalen e regi\u00e3o est\u00e1 convidada a participar de uma manh\u00e3 especial que une sa\u00fade, conex\u00e3o e solidariedade. O&nbsp;Aul\u00e3o de Yoga Solid\u00e1rio&nbsp;acontece \u00e0s&nbsp;8h, no Bosque da URI (Av. Assis Brasil,<\/p>\n<div class=\"read-more-wrapper\"><a class=\"read-more\" href=\"https:\/\/www2.comunitaria.com.br\/en\/sesc-frederico-westphalen-promove-aulao-de-yoga-com-foco-em-acao-social\/\" title=\"Read More\"> <span class=\"button\">Read More<\/span><\/a><\/div>","protected":false},"author":2,"featured_media":72308,"comment_status":"closed","ping_status":"closed","sticky":false,"template":"","format":"standard","meta":{"ngg_post_thumbnail":0,"footnotes":""},"categories":[42,28,33],"tags":[],"class_list":["post-72307","post","type-post","status-publish","format-standard","has-post-thumbnail","hentry","category-fred-west","category-destaque","category-noticias"],"amp_enabled":true,"_links":{"self":[{"href":"https:\/\/www2.comunitaria.com.br\/en\/wp-json\/wp\/v2\/posts\/72307","targetHints":{"allow":["GET"]}}],"collection":[{"href":"https:\/\/www2.comunitaria.com.br\/en\/wp-json\/wp\/v2\/posts"}],"about":[{"href":"https:\/\/www2.comunitaria.com.br\/en\/wp-json\/wp\/v2\/types\/post"}],"author":[{"embeddable":true,"href":"https:\/\/www2.comunitaria.com.br\/en\/wp-json\/wp\/v2\/users\/2"}],"replies":[{"embeddable":true,"href":"https:\/\/www2.comunitaria.com.br\/en\/wp-json\/wp\/v2\/comments?post=72307"}],"version-history":[{"count":0,"href":"https:\/\/www2.comunitaria.com.br\/en\/wp-json\/wp\/v2\/posts\/72307\/revisions"}],"wp:featuredmedia":[{"embeddable":true,"href":"https:\/\/www2.comunitaria.com.br\/en\/wp-json\/wp\/v2\/media\/72308"}],"wp:attachment":[{"href":"https:\/\/www2.comunitaria.com.br\/en\/wp-json\/wp\/v2\/media?parent=72307"}],"wp:term":[{"taxonomy":"category","embeddable":true,"href":"https:\/\/www2.comunitaria.com.br\/en\/wp-json\/wp\/v2\/categories?post=72307"},{"taxonomy":"post_tag","embeddable":true,"href":"https:\/\/www2.comunitaria.com.br\/en\/wp-json\/wp\/v2\/tags?post=72307"}],"curies":[{"name":"wp","href":"https:\/\/api.w.org\/{rel}","templated":true}]}}