{"id":72294,"date":"2026-04-06T11:09:26","date_gmt":"2026-04-06T13:09:26","guid":{"rendered":"https:\/\/www2.comunitaria.com.br\/?p=72294"},"modified":"2026-04-06T11:09:26","modified_gmt":"2026-04-06T13:09:26","slug":"casal-morre-e-outras-duas-pessoas-ficam-feridas-em-colisao-na-br-386","status":"publish","type":"post","link":"https:\/\/www2.comunitaria.com.br\/en\/casal-morre-e-outras-duas-pessoas-ficam-feridas-em-colisao-na-br-386\/","title":{"rendered":"Casal morre e outras duas pessoas ficam feridas em colis\u00e3o na BR-386"},"content":{"rendered":"<p class=\"content-head__subtitle\"><em>Acidente aconteceu em Tio Hugo, no Norte do estado, na noite de domingo (5)<\/em><\/p>\n<div id=\"chunk-57n8i\">\n<div class=\"mc-column content-text active-extra-styles\" data-block-type=\"unstyled\" data-block-weight=\"37\" data-block-id=\"3\">\n<p class=\"content-text__container\" data-track-category=\"Link no Texto\" data-track-links=\"\" data-mrf-recirculation=\"Mat\u00e9ria - Links no Texto\">Um&nbsp;casal morreu e duas pessoas ficaram feridas em um acidente de tr\u00e2nsito&nbsp;na BR-386, em&nbsp;Tio Hugo, no Norte do Rio Grande do Sul, na noite de domingo (5).&nbsp;<span class=\"highlight highlighted\">As v\u00edtimas n\u00e3o tiveram as identidades divulgadas.<\/span><\/p>\n<\/div>\n<\/div>\n<div class=\"wall protected-content\">\n<div id=\"chunk-cutvi\">\n<div class=\"mc-column content-text active-extra-styles\" data-block-type=\"unstyled\" data-block-weight=\"41\" data-block-id=\"5\">\n<p class=\"content-text__container\" data-track-category=\"Link no Texto\" data-track-links=\"\" data-mrf-recirculation=\"Mat\u00e9ria - Links no Texto\">A colis\u00e3o envolveu dois carros no km 216 da rodovia. Segundo a Pol\u00edcia Rodovi\u00e1ria Federal (PRF),&nbsp;<span class=\"highlight highlighted\">um ve\u00edculo Polo, com placas de Porto Alegre, transitava no sentido capital-interior, quando teve sua frente cortada por um Prisma, com placas de Tio Hugo<\/span>.<\/p>\n<div id=\"chunk-1qgp1\">\n<div class=\"mc-column content-text active-extra-styles\" data-block-type=\"unstyled\" data-block-weight=\"23\" data-block-id=\"7\">\n<p class=\"content-text__container\" data-track-category=\"Link no Texto\" data-track-links=\"\" data-mrf-recirculation=\"Mat\u00e9ria - Links no Texto\">Ap\u00f3s a colis\u00e3o, o&nbsp;<span class=\"highlight highlighted\">Prisma teria sa\u00eddo da pista e ca\u00eddo em uma ribanceira<\/span>. J\u00e1 o Polo ficou ao lado da pista.<\/p>\n<\/div>\n<\/div>\n<div id=\"chunk-c4uli\">\n<div class=\"mc-column content-text active-extra-styles\" data-block-type=\"unstyled\" data-block-weight=\"42\" data-block-id=\"9\">\n<p class=\"content-text__container\" data-track-category=\"Link no Texto\" data-track-links=\"\" data-mrf-recirculation=\"Mat\u00e9ria - Links no Texto\">A passageira do Prisma, de 50 anos,&nbsp;morreu no local. O motorista do Prisma foi encaminhado em uma ambul\u00e2ncia da CCR Via Sul ao hospital com&nbsp;les\u00f5es graves. Ele n\u00e3o resistiu aos ferimentos e faleceu. Os dois eram moradores de Tio Hugo.<\/p>\n<\/div>\n<\/div>\n<div id=\"chunk-etrh7\">\n<div class=\"mc-column content-text active-extra-styles\" data-block-type=\"unstyled\" data-block-weight=\"24\" data-block-id=\"10\">\n<p class=\"content-text__container\" data-track-category=\"Link no Texto\" data-track-links=\"\" data-mrf-recirculation=\"Mat\u00e9ria - Links no Texto\">Os ocupantes do Polo tamb\u00e9m se feriram. A passageira, de 56 anos, sofreu&nbsp;ferimentos graves, e o motorista, de 63 anos, teve&nbsp;les\u00f5es leves.<\/p>\n<\/div>\n<\/div>\n<div id=\"chunk-aglqb\">\n<div class=\"mc-column content-text active-extra-styles\" data-block-type=\"unstyled\" data-block-weight=\"15\" data-block-id=\"11\">\n<p class=\"content-text__container\" data-track-category=\"Link no Texto\" data-track-links=\"\" data-mrf-recirculation=\"Mat\u00e9ria - Links no Texto\">O tr\u00e2nsito chegou a ser bloqueado para os trabalhos da per\u00edcia, mas j\u00e1 foi liberado.<\/p>\n<p data-track-category=\"Link no Texto\" data-track-links=\"\" data-mrf-recirculation=\"Mat\u00e9ria - Links no Texto\"><em>Fonte: G1<\/em><\/p>\n<\/div>\n<\/div>\n<\/div>\n<\/div>\n<\/div>","protected":false},"excerpt":{"rendered":"<p>Acidente aconteceu em Tio Hugo, no Norte do estado, na noite de domingo (5) Um&nbsp;casal morreu e duas pessoas ficaram feridas em um acidente de tr\u00e2nsito&nbsp;na BR-386, em&nbsp;Tio Hugo, no Norte do Rio Grande do Sul, na noite de domingo (5).&nbsp;As v\u00edtimas n\u00e3o tiveram as identidades divulgadas. A colis\u00e3o envolveu dois carros no km 216<\/p>\n<div class=\"read-more-wrapper\"><a class=\"read-more\" href=\"https:\/\/www2.comunitaria.com.br\/en\/casal-morre-e-outras-duas-pessoas-ficam-feridas-em-colisao-na-br-386\/\" title=\"Read More\"> <span class=\"button\">Read More<\/span><\/a><\/div>","protected":false},"author":2,"featured_media":72295,"comment_status":"closed","ping_status":"closed","sticky":false,"template":"","format":"standard","meta":{"ngg_post_thumbnail":0,"footnotes":""},"categories":[28,33],"tags":[],"class_list":["post-72294","post","type-post","status-publish","format-standard","has-post-thumbnail","hentry","category-destaque","category-noticias"],"amp_enabled":true,"_links":{"self":[{"href":"https:\/\/www2.comunitaria.com.br\/en\/wp-json\/wp\/v2\/posts\/72294","targetHints":{"allow":["GET"]}}],"collection":[{"href":"https:\/\/www2.comunitaria.com.br\/en\/wp-json\/wp\/v2\/posts"}],"about":[{"href":"https:\/\/www2.comunitaria.com.br\/en\/wp-json\/wp\/v2\/types\/post"}],"author":[{"embeddable":true,"href":"https:\/\/www2.comunitaria.com.br\/en\/wp-json\/wp\/v2\/users\/2"}],"replies":[{"embeddable":true,"href":"https:\/\/www2.comunitaria.com.br\/en\/wp-json\/wp\/v2\/comments?post=72294"}],"version-history":[{"count":0,"href":"https:\/\/www2.comunitaria.com.br\/en\/wp-json\/wp\/v2\/posts\/72294\/revisions"}],"wp:featuredmedia":[{"embeddable":true,"href":"https:\/\/www2.comunitaria.com.br\/en\/wp-json\/wp\/v2\/media\/72295"}],"wp:attachment":[{"href":"https:\/\/www2.comunitaria.com.br\/en\/wp-json\/wp\/v2\/media?parent=72294"}],"wp:term":[{"taxonomy":"category","embeddable":true,"href":"https:\/\/www2.comunitaria.com.br\/en\/wp-json\/wp\/v2\/categories?post=72294"},{"taxonomy":"post_tag","embeddable":true,"href":"https:\/\/www2.comunitaria.com.br\/en\/wp-json\/wp\/v2\/tags?post=72294"}],"curies":[{"name":"wp","href":"https:\/\/api.w.org\/{rel}","templated":true}]}}