{"id":72252,"date":"2026-03-30T10:59:12","date_gmt":"2026-03-30T12:59:12","guid":{"rendered":"https:\/\/www2.comunitaria.com.br\/?p=72252"},"modified":"2026-03-30T10:59:12","modified_gmt":"2026-03-30T12:59:12","slug":"homem-morre-afogado-enquanto-pescava-no-rio-ijui-em-santo-angelo","status":"publish","type":"post","link":"https:\/\/www2.comunitaria.com.br\/en\/homem-morre-afogado-enquanto-pescava-no-rio-ijui-em-santo-angelo\/","title":{"rendered":"Homem morre afogado enquanto pescava no Rio Iju\u00ed, em Santo \u00c2ngelo"},"content":{"rendered":"<p><em>Homem desapareceu ao tentar desenroscar linha de pesca<\/em><\/p>\n<div class=\"article-paragraph\">\n<p>Um&nbsp;homem de 48 anos foi encontrado morto na tarde de domingo (29), ap\u00f3s&nbsp;desaparecer enquanto pescava&nbsp;com um amigo no Rio Iju\u00ed, em Santo \u00c2ngelo, no&nbsp;noroeste&nbsp;do Estado.&nbsp;<\/p>\n<\/div>\n<div class=\"article-paragraph\">\n<p>De acordo com o Corpo de Bombeiros, o homem pescava no local quando a&nbsp;linha enroscou em algum objeto dentro do rio. Na tentativa de desenrolar o material, ele entrou na \u00e1gua,&nbsp;submergiu e n\u00e3o foi mais visto.<\/p>\n<div class=\"article-paragraph\">\n<p>As buscas come\u00e7aram ainda na tarde de s\u00e1bado (28) pelo Corpo de Bombeiros de Santo \u00c2ngelo. Na manh\u00e3 de domingo, por volta das 9h, bombeiros mergulhadores de Santa Maria passaram a atuar na ocorr\u00eancia.&nbsp;<\/p>\n<\/div>\n<div class=\"article-paragraph\">\n<p>O corpo foi&nbsp;localizado por volta das 13h, quando emergiu durante as buscas. Conforme os bombeiros, o trecho do Rio Iju\u00ed onde o homem desapareceu tem cerca de cinco metros de profundidade. A identidade da v\u00edtima n\u00e3o foi divulgada.<\/p>\n<p><em>Fonte: GZH<\/em><\/p>\n<\/div>\n<\/div>","protected":false},"excerpt":{"rendered":"<p>Homem desapareceu ao tentar desenroscar linha de pesca Um&nbsp;homem de 48 anos foi encontrado morto na tarde de domingo (29), ap\u00f3s&nbsp;desaparecer enquanto pescava&nbsp;com um amigo no Rio Iju\u00ed, em Santo \u00c2ngelo, no&nbsp;noroeste&nbsp;do Estado.&nbsp; De acordo com o Corpo de Bombeiros, o homem pescava no local quando a&nbsp;linha enroscou em algum objeto dentro do rio. Na<\/p>\n<div class=\"read-more-wrapper\"><a class=\"read-more\" href=\"https:\/\/www2.comunitaria.com.br\/en\/homem-morre-afogado-enquanto-pescava-no-rio-ijui-em-santo-angelo\/\" title=\"Read More\"> <span class=\"button\">Read More<\/span><\/a><\/div>","protected":false},"author":2,"featured_media":72253,"comment_status":"closed","ping_status":"closed","sticky":false,"template":"","format":"standard","meta":{"ngg_post_thumbnail":0,"footnotes":""},"categories":[28,33,43],"tags":[],"class_list":["post-72252","post","type-post","status-publish","format-standard","has-post-thumbnail","hentry","category-destaque","category-noticias","category-regiao"],"amp_enabled":true,"_links":{"self":[{"href":"https:\/\/www2.comunitaria.com.br\/en\/wp-json\/wp\/v2\/posts\/72252","targetHints":{"allow":["GET"]}}],"collection":[{"href":"https:\/\/www2.comunitaria.com.br\/en\/wp-json\/wp\/v2\/posts"}],"about":[{"href":"https:\/\/www2.comunitaria.com.br\/en\/wp-json\/wp\/v2\/types\/post"}],"author":[{"embeddable":true,"href":"https:\/\/www2.comunitaria.com.br\/en\/wp-json\/wp\/v2\/users\/2"}],"replies":[{"embeddable":true,"href":"https:\/\/www2.comunitaria.com.br\/en\/wp-json\/wp\/v2\/comments?post=72252"}],"version-history":[{"count":0,"href":"https:\/\/www2.comunitaria.com.br\/en\/wp-json\/wp\/v2\/posts\/72252\/revisions"}],"wp:featuredmedia":[{"embeddable":true,"href":"https:\/\/www2.comunitaria.com.br\/en\/wp-json\/wp\/v2\/media\/72253"}],"wp:attachment":[{"href":"https:\/\/www2.comunitaria.com.br\/en\/wp-json\/wp\/v2\/media?parent=72252"}],"wp:term":[{"taxonomy":"category","embeddable":true,"href":"https:\/\/www2.comunitaria.com.br\/en\/wp-json\/wp\/v2\/categories?post=72252"},{"taxonomy":"post_tag","embeddable":true,"href":"https:\/\/www2.comunitaria.com.br\/en\/wp-json\/wp\/v2\/tags?post=72252"}],"curies":[{"name":"wp","href":"https:\/\/api.w.org\/{rel}","templated":true}]}}