{"id":72136,"date":"2026-03-18T15:39:32","date_gmt":"2026-03-18T17:39:32","guid":{"rendered":"https:\/\/www2.comunitaria.com.br\/?p=72136"},"modified":"2026-03-18T15:46:52","modified_gmt":"2026-03-18T17:46:52","slug":"motorista-morre-em-acidente-entre-caminhoes-na-br-386-em-soledade","status":"publish","type":"post","link":"https:\/\/www2.comunitaria.com.br\/en\/motorista-morre-em-acidente-entre-caminhoes-na-br-386-em-soledade\/","title":{"rendered":"Motorista morre em acidente entre caminh\u00f5es na BR-386, em Soledade"},"content":{"rendered":"<p><em>Condutor do outro ve\u00edculo de carga teve escoria\u00e7\u00f5es e foi encaminhado para atendimento m\u00e9dico<\/em><\/p>\n<div class=\"article-paragraph\">\n<p>Um motorista morreu ap\u00f3s uma colis\u00e3o frontal entre dois caminh\u00f5es na manh\u00e3 desta quarta-feira (18), no quil\u00f4metro 240 da BR-386, em Soledade, no norte do Estado.&nbsp;<\/p>\n<\/div>\n<div class=\"article-paragraph\">\n<p>O acidente foi registrado por volta das&nbsp;6h35min. Quando as equipes de resgate chegaram ao local, encontraram o motorista de um caminh\u00e3o com placas de Maracaj\u00e1 (SC) j\u00e1 sem vida, preso \u00e0s ferragens. Ele foi identificado como&nbsp;Celso Darolt, de 66 anos.<\/p>\n<p>Segundo a Pol\u00edcia Rodovi\u00e1ria Federal (PRF), o condutor do outro caminh\u00e3o, com placas de Cruzeiro do Sul (RS), teve escoria\u00e7\u00f5es e foi&nbsp;encaminhado para atendimento m\u00e9dico. Ele j\u00e1 recebeu alta.<\/p>\n<div class=\"article-paragraph\">\n<p>O caminh\u00e3o de SC estava carregado de areia e trafegava no sentido Lajeado a Tio Hugo, enquanto o caminh\u00e3o do RS estava carregado de milho e transitava no sentido oposto. As circunst\u00e2ncias do acidente ainda n\u00e3o foram esclarecidas.<\/p>\n<\/div>\n<div class=\"article-paragraph\">\n<p>O Corpo de Bombeiros foi acionado e realizou o resgate do motorista ferido. O Instituto-Geral de Per\u00edcias (IGP) trabalha no local, por isso o tr\u00e2nsito flui pela via lateral que est\u00e1 em obras.&nbsp;<\/p>\n<p><em>Fonte: GZH<\/em><\/p>\n<\/div>\n<\/div>","protected":false},"excerpt":{"rendered":"<p>Condutor do outro ve\u00edculo de carga teve escoria\u00e7\u00f5es e foi encaminhado para atendimento m\u00e9dico Um motorista morreu ap\u00f3s uma colis\u00e3o frontal entre dois caminh\u00f5es na manh\u00e3 desta quarta-feira (18), no quil\u00f4metro 240 da BR-386, em Soledade, no norte do Estado.&nbsp; O acidente foi registrado por volta das&nbsp;6h35min. Quando as equipes de resgate chegaram ao local,<\/p>\n<div class=\"read-more-wrapper\"><a class=\"read-more\" href=\"https:\/\/www2.comunitaria.com.br\/en\/motorista-morre-em-acidente-entre-caminhoes-na-br-386-em-soledade\/\" title=\"Read More\"> <span class=\"button\">Read More<\/span><\/a><\/div>","protected":false},"author":2,"featured_media":72137,"comment_status":"closed","ping_status":"closed","sticky":false,"template":"","format":"standard","meta":{"ngg_post_thumbnail":0,"footnotes":""},"categories":[28,33],"tags":[],"class_list":["post-72136","post","type-post","status-publish","format-standard","has-post-thumbnail","hentry","category-destaque","category-noticias"],"amp_enabled":true,"_links":{"self":[{"href":"https:\/\/www2.comunitaria.com.br\/en\/wp-json\/wp\/v2\/posts\/72136","targetHints":{"allow":["GET"]}}],"collection":[{"href":"https:\/\/www2.comunitaria.com.br\/en\/wp-json\/wp\/v2\/posts"}],"about":[{"href":"https:\/\/www2.comunitaria.com.br\/en\/wp-json\/wp\/v2\/types\/post"}],"author":[{"embeddable":true,"href":"https:\/\/www2.comunitaria.com.br\/en\/wp-json\/wp\/v2\/users\/2"}],"replies":[{"embeddable":true,"href":"https:\/\/www2.comunitaria.com.br\/en\/wp-json\/wp\/v2\/comments?post=72136"}],"version-history":[{"count":0,"href":"https:\/\/www2.comunitaria.com.br\/en\/wp-json\/wp\/v2\/posts\/72136\/revisions"}],"wp:featuredmedia":[{"embeddable":true,"href":"https:\/\/www2.comunitaria.com.br\/en\/wp-json\/wp\/v2\/media\/72137"}],"wp:attachment":[{"href":"https:\/\/www2.comunitaria.com.br\/en\/wp-json\/wp\/v2\/media?parent=72136"}],"wp:term":[{"taxonomy":"category","embeddable":true,"href":"https:\/\/www2.comunitaria.com.br\/en\/wp-json\/wp\/v2\/categories?post=72136"},{"taxonomy":"post_tag","embeddable":true,"href":"https:\/\/www2.comunitaria.com.br\/en\/wp-json\/wp\/v2\/tags?post=72136"}],"curies":[{"name":"wp","href":"https:\/\/api.w.org\/{rel}","templated":true}]}}