{"id":72134,"date":"2026-03-18T15:22:46","date_gmt":"2026-03-18T17:22:46","guid":{"rendered":"https:\/\/www2.comunitaria.com.br\/?p=72134"},"modified":"2026-03-18T15:22:46","modified_gmt":"2026-03-18T17:22:46","slug":"homem-que-torturou-e-matou-companheira-e-condenado-a-99-anos-de-prisao-em-frederico-westphalen","status":"publish","type":"post","link":"https:\/\/www2.comunitaria.com.br\/en\/homem-que-torturou-e-matou-companheira-e-condenado-a-99-anos-de-prisao-em-frederico-westphalen\/","title":{"rendered":"Homem que torturou e matou companheira \u00e9 condenado a 99 anos de pris\u00e3o em Frederico Westphalen"},"content":{"rendered":"<p><em>Evandro do Amaral foi julgado por feminic\u00eddio e tortura na ter\u00e7a-feira (17). Crime ocorreu em janeiro de 2025<\/em><\/p>\n<div class=\"article-paragraph\">\n<p>O Tribunal de Justi\u00e7a do Rio Grande do Sul condenouEvandro do Amaral a 99 anos de pris\u00e3o&nbsp;por matar a companheira&nbsp;\u00c2ngela Stratmann&nbsp;em janeiro de 2025. O julgamento ocorreu nesta ter\u00e7a-feira (17) em j\u00fari realizado em&nbsp;Frederico Westphalen, norte do RS.<\/p>\n<\/div>\n<div class=\"article-paragraph\">\n<p>O julgamento, que se iniciou por volta das 9h30min, se encerrou por volta das 18h com o veredito dos jurados. Amaral foi condenado a 99 anos por tentativa de feminic\u00eddio, feminic\u00eddio, tortura continuada, fraude processual, e desobedi\u00eancia a ordens judiciais.&nbsp;<\/p>\n<p>Ele&nbsp;est\u00e1 preso desde a \u00e9poca do crime, restando 98 anos e 3 meses da condena\u00e7\u00e3o em regime fechado.<\/p>\n<div class=\"article-paragraph\">\n<p>\u00c2ngela Stratmann, 35 anos,&nbsp;foi encontrada morta na varanda de casa&nbsp;em 17 de janeiro de 2025. Evandro do Amaral, marido da v\u00edtima, foi apontado pela Pol\u00edcia Civil como o autor do crime. Ele fugiu e foi&nbsp;localizado em Santa Catarina no dia 21&nbsp;daquele m\u00eas.<\/p>\n<\/div>\n<div class=\"article-paragraph\">\n<p>Provas obtidas na investiga\u00e7\u00e3o apontaram hist\u00f3rico de viol\u00eancia contra a mulher. No dia do crime, conforme o inqu\u00e9rito,&nbsp;al\u00e9m de ser torturada, a v\u00edtima foi&nbsp;obrigada a gravar a si mesma sendo agredida. As agress\u00f5es severas resultaram em&nbsp;hemorragia intracranianae em sua morte.<\/p>\n<p><em>Fonte: GZH<\/em><\/p>\n<\/div>\n<\/div>","protected":false},"excerpt":{"rendered":"<p>Evandro do Amaral foi julgado por feminic\u00eddio e tortura na ter\u00e7a-feira (17). Crime ocorreu em janeiro de 2025 O Tribunal de Justi\u00e7a do Rio Grande do Sul condenouEvandro do Amaral&#8230;<\/p>","protected":false},"author":2,"featured_media":72135,"comment_status":"closed","ping_status":"closed","sticky":false,"template":"","format":"standard","meta":{"ngg_post_thumbnail":0,"footnotes":""},"categories":[28,33,43],"tags":[],"class_list":["post-72134","post","type-post","status-publish","format-standard","has-post-thumbnail","hentry","category-destaque","category-noticias","category-regiao"],"amp_enabled":true,"_links":{"self":[{"href":"https:\/\/www2.comunitaria.com.br\/en\/wp-json\/wp\/v2\/posts\/72134","targetHints":{"allow":["GET"]}}],"collection":[{"href":"https:\/\/www2.comunitaria.com.br\/en\/wp-json\/wp\/v2\/posts"}],"about":[{"href":"https:\/\/www2.comunitaria.com.br\/en\/wp-json\/wp\/v2\/types\/post"}],"author":[{"embeddable":true,"href":"https:\/\/www2.comunitaria.com.br\/en\/wp-json\/wp\/v2\/users\/2"}],"replies":[{"embeddable":true,"href":"https:\/\/www2.comunitaria.com.br\/en\/wp-json\/wp\/v2\/comments?post=72134"}],"version-history":[{"count":0,"href":"https:\/\/www2.comunitaria.com.br\/en\/wp-json\/wp\/v2\/posts\/72134\/revisions"}],"wp:featuredmedia":[{"embeddable":true,"href":"https:\/\/www2.comunitaria.com.br\/en\/wp-json\/wp\/v2\/media\/72135"}],"wp:attachment":[{"href":"https:\/\/www2.comunitaria.com.br\/en\/wp-json\/wp\/v2\/media?parent=72134"}],"wp:term":[{"taxonomy":"category","embeddable":true,"href":"https:\/\/www2.comunitaria.com.br\/en\/wp-json\/wp\/v2\/categories?post=72134"},{"taxonomy":"post_tag","embeddable":true,"href":"https:\/\/www2.comunitaria.com.br\/en\/wp-json\/wp\/v2\/tags?post=72134"}],"curies":[{"name":"wp","href":"https:\/\/api.w.org\/{rel}","templated":true}]}}