{"id":72128,"date":"2026-03-17T09:47:43","date_gmt":"2026-03-17T11:47:43","guid":{"rendered":"https:\/\/www2.comunitaria.com.br\/?p=72128"},"modified":"2026-03-17T09:47:43","modified_gmt":"2026-03-17T11:47:43","slug":"brigada-militar-registra-prisoes-por-drogas-e-arma-de-fogo-em-palmeira-das-missoes","status":"publish","type":"post","link":"https:\/\/www2.comunitaria.com.br\/en\/brigada-militar-registra-prisoes-por-drogas-e-arma-de-fogo-em-palmeira-das-missoes\/","title":{"rendered":"Brigada Militar registra pris\u00f5es por drogas e arma de fogo em Palmeira das Miss\u00f5es"},"content":{"rendered":"<p><em>Ocorr\u00eancias distintas resultaram na deten\u00e7\u00e3o de tr\u00eas pessoas e na apreens\u00e3o de entorpecentes, arma e materiais ligados ao tr\u00e1fico<\/em><\/p>\n<p>A Brigada Militar do Rio Grande do Sul, por meio do 39\u00ba Batalh\u00e3o de Pol\u00edcia Militar, registrou duas ocorr\u00eancias policiais que resultaram em pris\u00f5es por posse irregular de arma de fogo, posse de entorpecentes e tr\u00e1fico de drogas em Palmeira das Miss\u00f5es.<\/p>\n<h3><strong>Pris\u00e3o por arma de fogo e drogas<\/strong><\/h3>\n<p>Na noite de quarta-feira (11), dois homens foram presos ap\u00f3s abordagem realizada pela equipe da For\u00e7a T\u00e1tica. A a\u00e7\u00e3o teve in\u00edcio quando os policiais abordaram uma caminhonete Toyota Hilux.<\/p>\n<p>Durante a revista pessoal, foram encontradas 3,2 gramas de coca\u00edna com o condutor e 0,5 grama da mesma subst\u00e2ncia com o passageiro. Em buscas no interior do ve\u00edculo, os policiais localizaram ainda um rev\u00f3lver da marca Taurus carregado com seis muni\u00e7\u00f5es.<\/p>\n<p>Os dois suspeitos foram encaminhados \u00e0 Delegacia de Pol\u00edcia para registro da ocorr\u00eancia. Ap\u00f3s os procedimentos legais e pagamento de fian\u00e7a, ambos foram liberados.<\/p>\n<h3><strong>Pris\u00e3o por tr\u00e1fico de drogas<\/strong><\/h3>\n<p>J\u00e1 na manh\u00e3 de sexta-feira (13), um homem de 19 anos foi preso por tr\u00e1fico de entorpecentes durante patrulhamento de rotina realizado pela Brigada Militar.<\/p>\n<div class=\"html\">\n<p>De acordo com a pol\u00edcia, a guarni\u00e7\u00e3o abordou um ve\u00edculo VW Gol de cor azul. Ao perceber a presen\u00e7a dos policiais, o condutor tentou fugir, sendo acompanhado e interceptado em seguida.<\/p>\n<p>Durante a revista, foram encontrados 16 pinos contendo subst\u00e2ncia com caracter\u00edsticas semelhantes \u00e0 coca\u00edna, um torr\u00e3o de subst\u00e2ncia semelhante \u00e0 maconha, al\u00e9m de dois r\u00e1dios comunicadores e diversas embalagens utilizadas para o fracionamento e armazenamento de drogas.<\/p>\n<p>O suspeito recebeu voz de pris\u00e3o e foi encaminhado para registro da ocorr\u00eancia, sendo posteriormente conduzido ao Pres\u00eddio Estadual de Palmeira das Miss\u00f5es.<\/p>\n<\/div>\n<div class=\"fonte\"><em>Fonte: Ramon Mendes &#8211; Jornalismo RP \/ 39\u00ba BPM &#8211; Brigada Militar do Rio Grande do Sul (BMRS)<\/em><\/div>","protected":false},"excerpt":{"rendered":"<p>Ocorr\u00eancias distintas resultaram na deten\u00e7\u00e3o de tr\u00eas pessoas e na apreens\u00e3o de entorpecentes, arma e materiais ligados ao tr\u00e1fico A Brigada Militar do Rio Grande do Sul, por meio do&#8230;<\/p>","protected":false},"author":2,"featured_media":72129,"comment_status":"closed","ping_status":"closed","sticky":false,"template":"","format":"standard","meta":{"ngg_post_thumbnail":0,"footnotes":""},"categories":[28,33,43],"tags":[],"class_list":["post-72128","post","type-post","status-publish","format-standard","has-post-thumbnail","hentry","category-destaque","category-noticias","category-regiao"],"amp_enabled":true,"_links":{"self":[{"href":"https:\/\/www2.comunitaria.com.br\/en\/wp-json\/wp\/v2\/posts\/72128","targetHints":{"allow":["GET"]}}],"collection":[{"href":"https:\/\/www2.comunitaria.com.br\/en\/wp-json\/wp\/v2\/posts"}],"about":[{"href":"https:\/\/www2.comunitaria.com.br\/en\/wp-json\/wp\/v2\/types\/post"}],"author":[{"embeddable":true,"href":"https:\/\/www2.comunitaria.com.br\/en\/wp-json\/wp\/v2\/users\/2"}],"replies":[{"embeddable":true,"href":"https:\/\/www2.comunitaria.com.br\/en\/wp-json\/wp\/v2\/comments?post=72128"}],"version-history":[{"count":0,"href":"https:\/\/www2.comunitaria.com.br\/en\/wp-json\/wp\/v2\/posts\/72128\/revisions"}],"wp:featuredmedia":[{"embeddable":true,"href":"https:\/\/www2.comunitaria.com.br\/en\/wp-json\/wp\/v2\/media\/72129"}],"wp:attachment":[{"href":"https:\/\/www2.comunitaria.com.br\/en\/wp-json\/wp\/v2\/media?parent=72128"}],"wp:term":[{"taxonomy":"category","embeddable":true,"href":"https:\/\/www2.comunitaria.com.br\/en\/wp-json\/wp\/v2\/categories?post=72128"},{"taxonomy":"post_tag","embeddable":true,"href":"https:\/\/www2.comunitaria.com.br\/en\/wp-json\/wp\/v2\/tags?post=72128"}],"curies":[{"name":"wp","href":"https:\/\/api.w.org\/{rel}","templated":true}]}}