{"id":71991,"date":"2026-03-04T12:38:40","date_gmt":"2026-03-04T14:38:40","guid":{"rendered":"https:\/\/www2.comunitaria.com.br\/?p=71991"},"modified":"2026-03-04T12:38:40","modified_gmt":"2026-03-04T14:38:40","slug":"tres-acusados-de-homicidio-e-tortura-em-clinica-de-reabilitacao-no-norte-do-rs-seguem-foragidos","status":"publish","type":"post","link":"https:\/\/www2.comunitaria.com.br\/en\/tres-acusados-de-homicidio-e-tortura-em-clinica-de-reabilitacao-no-norte-do-rs-seguem-foragidos\/","title":{"rendered":"Tr\u00eas acusados de homic\u00eddio e tortura em cl\u00ednica de reabilita\u00e7\u00e3o no norte do RS seguem foragidos"},"content":{"rendered":"<p><em>Investiga\u00e7\u00e3o come\u00e7ou ap\u00f3s a morte de um interno em janeiro deste ano. Quatro pessoas j\u00e1 est\u00e3o presas<\/em><\/p>\n<div class=\"article-paragraph\">\n<p>Das sete pessoas denunciadas pelo Minist\u00e9rio P\u00fablico (MPRS) por&nbsp;homic\u00eddio e tortura em uma cl\u00ednica de reabilita\u00e7\u00e3o&nbsp;em&nbsp;Esta\u00e7\u00e3o, no norte do Estado,&nbsp;tr\u00eas seguem foragidas. A informa\u00e7\u00e3o foi confirmada pelo delegado da Pol\u00edcia Civil, Jorge Pierezan.<\/p>\n<\/div>\n<div id=\"slot-intext-1\" class=\"ad-banner ad-banner-tag-visible ad-refresh-impression-viewable\">\n<div id=\"slot-intext-1_placecmmc3h1w4009n01jz0kwj7rat\" class=\"ad-banner-tag-slot-intext-1_placecmmc3h1w4009n01jz0kwj7rat\" data-center=\"false\" data-google-query-id=\"CLmY_b2zhpMDFeczuQYd7nQivQ\" data-cid=\"138548297758\" data-lin=\"7236858144\">\n<div class=\"article-paragraph\">\n<p>Quatro acusados j\u00e1 est\u00e3o presos, sendo dois homens e duas mulheres. Outros tr\u00eas homens ainda n\u00e3o foram localizados.&nbsp;<\/p>\n<\/div>\n<div class=\"article-paragraph\">\n<p>\u2014 A den\u00fancia se refere a sete porque tem outros indiv\u00edduos que foram responsabilizados por esses crimes, mas que ainda n\u00e3o foram presos. Est\u00e3o foragidos \u2014 explicou o delegado.<\/p>\n<p>A investiga\u00e7\u00e3o come\u00e7ou ap\u00f3s a&nbsp;morte de um interno&nbsp;na Cl\u00ednica Reviver em janeiro deste ano. Segundo a den\u00fancia, a v\u00edtima foi&nbsp;levada para um dos quartos da institui\u00e7\u00e3o e espancada&nbsp;por v\u00e1rios dos acusados.<\/p>\n<p>O homem, identificado como&nbsp;Marcos Bohn Nedel, 45 anos, sofreu&nbsp;m\u00faltiplas les\u00f5es&nbsp;e morreu em decorr\u00eancia das agress\u00f5es no dia 29 de janeiro. O MPRS tamb\u00e9m apontou&nbsp;outros epis\u00f3dios de tortura contra pacientes&nbsp;em per\u00edodos distintos.<\/p>\n<p><em>Fonte: GZH<\/em><\/p>\n<\/div>\n<\/div>\n<\/div>","protected":false},"excerpt":{"rendered":"<p>Investiga\u00e7\u00e3o come\u00e7ou ap\u00f3s a morte de um interno em janeiro deste ano. Quatro pessoas j\u00e1 est\u00e3o presas Das sete pessoas denunciadas pelo Minist\u00e9rio P\u00fablico (MPRS) por&nbsp;homic\u00eddio e tortura em uma&#8230;<\/p>","protected":false},"author":2,"featured_media":71992,"comment_status":"closed","ping_status":"closed","sticky":false,"template":"","format":"standard","meta":{"ngg_post_thumbnail":0,"footnotes":""},"categories":[28,33],"tags":[],"class_list":["post-71991","post","type-post","status-publish","format-standard","has-post-thumbnail","hentry","category-destaque","category-noticias"],"amp_enabled":true,"_links":{"self":[{"href":"https:\/\/www2.comunitaria.com.br\/en\/wp-json\/wp\/v2\/posts\/71991","targetHints":{"allow":["GET"]}}],"collection":[{"href":"https:\/\/www2.comunitaria.com.br\/en\/wp-json\/wp\/v2\/posts"}],"about":[{"href":"https:\/\/www2.comunitaria.com.br\/en\/wp-json\/wp\/v2\/types\/post"}],"author":[{"embeddable":true,"href":"https:\/\/www2.comunitaria.com.br\/en\/wp-json\/wp\/v2\/users\/2"}],"replies":[{"embeddable":true,"href":"https:\/\/www2.comunitaria.com.br\/en\/wp-json\/wp\/v2\/comments?post=71991"}],"version-history":[{"count":0,"href":"https:\/\/www2.comunitaria.com.br\/en\/wp-json\/wp\/v2\/posts\/71991\/revisions"}],"wp:featuredmedia":[{"embeddable":true,"href":"https:\/\/www2.comunitaria.com.br\/en\/wp-json\/wp\/v2\/media\/71992"}],"wp:attachment":[{"href":"https:\/\/www2.comunitaria.com.br\/en\/wp-json\/wp\/v2\/media?parent=71991"}],"wp:term":[{"taxonomy":"category","embeddable":true,"href":"https:\/\/www2.comunitaria.com.br\/en\/wp-json\/wp\/v2\/categories?post=71991"},{"taxonomy":"post_tag","embeddable":true,"href":"https:\/\/www2.comunitaria.com.br\/en\/wp-json\/wp\/v2\/tags?post=71991"}],"curies":[{"name":"wp","href":"https:\/\/api.w.org\/{rel}","templated":true}]}}