{"id":71960,"date":"2026-03-03T14:59:38","date_gmt":"2026-03-03T16:59:38","guid":{"rendered":"https:\/\/www2.comunitaria.com.br\/?p=71960"},"modified":"2026-03-03T14:59:38","modified_gmt":"2026-03-03T16:59:38","slug":"professoras-de-creche-do-rs-sao-presas-por-suspeita-de-sedar-criancas-para-que-dormissem","status":"publish","type":"post","link":"https:\/\/www2.comunitaria.com.br\/en\/professoras-de-creche-do-rs-sao-presas-por-suspeita-de-sedar-criancas-para-que-dormissem\/","title":{"rendered":"Professoras de creche do RS s\u00e3o presas por suspeita de sedar crian\u00e7as para que dormissem"},"content":{"rendered":"<p class=\"content-head__subtitle\"><em>Respons\u00e1veis pela escola infantil de Alvorada, na Regi\u00e3o Metropolitana de Porto Alegre, foram alvos de uma a\u00e7\u00e3o do Minist\u00e9rio P\u00fablico do Estado nesta ter\u00e7a-feira (3).<\/em><\/p>\n<div id=\"chunk-13m85\">\n<div class=\"mc-column content-text active-extra-styles\" data-block-type=\"unstyled\" data-block-weight=\"58\" data-block-id=\"3\">\n<p class=\"content-text__container\" data-track-category=\"Link no Texto\" data-track-links=\"\" data-mrf-recirculation=\"Mat\u00e9ria - Links no Texto\">Duas&nbsp;professoras suspeitas de sedar crian\u00e7as em uma creche particular&nbsp;de&nbsp;Alvorada, na Regi\u00e3o Metropolitana de&nbsp;Porto Alegre, foram presas preventivamente nesta ter\u00e7a-feira (3). Uma delas foi presa no munic\u00edpio e a outra em&nbsp;Canoas. As duas mulheres eram respons\u00e1veis pela administra\u00e7\u00e3o do espa\u00e7o e&nbsp;<span class=\"highlight highlighted\">atuavam diretamente no cuidado dos alunos, com idades entre dois e cinco anos<\/span>.<\/p>\n<\/div>\n<\/div>\n<div class=\"wall protected-content\">\n<div id=\"chunk-fl7ts\">\n<div class=\"mc-column content-text active-extra-styles\" data-block-type=\"unstyled\" data-block-weight=\"43\" data-block-id=\"5\">\n<p class=\"content-text__container\" data-track-category=\"Link no Texto\" data-track-links=\"\" data-mrf-recirculation=\"Mat\u00e9ria - Links no Texto\">Segundo o Minist\u00e9rio P\u00fablico do estado (MPRS), as&nbsp;investigadas davam medicamentos \u00e0s crian\u00e7as para que dormissem ou ficassem mais calmas, com o intuito de &#8220;facilitar o trabalho&#8221; na rotina escolar. Al\u00e9m disso, elas s\u00e3o&nbsp;suspeitas de agress\u00f5es f\u00edsicas e psicol\u00f3gicas contra os alunos.<\/p>\n<div id=\"chunk-d4i9q\">\n<div class=\"mc-column content-text active-extra-styles\" data-block-type=\"unstyled\" data-block-weight=\"23\" data-block-id=\"8\">\n<p class=\"content-text__container\" data-track-category=\"Link no Texto\" data-track-links=\"\" data-mrf-recirculation=\"Mat\u00e9ria - Links no Texto\">O&nbsp;<span class=\"highlight highlighted\">caso veio \u00e0 tona em dezembro do ano passado, quando m\u00e3es relataram comportamento estranho dos filhos<\/span>&nbsp;e procuraram a Pol\u00edcia Civil.<\/p>\n<\/div>\n<\/div>\n<div id=\"chunk-23ohc\">\n<div class=\"mc-column content-text active-extra-styles\" data-block-type=\"unstyled\" data-block-weight=\"43\" data-block-id=\"9\">\n<p class=\"content-text__container\" data-track-category=\"Link no Texto\" data-track-links=\"\" data-mrf-recirculation=\"Mat\u00e9ria - Links no Texto\">Depoimentos, imagens e documentos embasaram o pedido de pris\u00e3o, incluindo uma troca de mensagens na qual as suspeitas discutem a possibilidade de aumentar a dose dos rem\u00e9dios usados nos alunos. O MP afirma ainda que as investigadas estariam influenciando testemunhas durante as apura\u00e7\u00f5es.<\/p>\n<\/div>\n<\/div>\n<div id=\"chunk-da3mj\">\n<div class=\"mc-column content-text active-extra-styles\" data-block-type=\"unstyled\" data-block-weight=\"37\" data-block-id=\"10\">\n<p class=\"content-text__container\" data-track-category=\"Link no Texto\" data-track-links=\"\" data-mrf-recirculation=\"Mat\u00e9ria - Links no Texto\">A&nbsp;creche Rafa Kids foi fechada em dezembro e permanece com faixas de interdi\u00e7\u00e3o fixadas&nbsp;na fachada. A Vigil\u00e2ncia Sanit\u00e1ria conduziu o processo de fechamento. Em 2024, o local j\u00e1 havia sido interditado e reaberto meses depois.<\/p>\n<p data-track-category=\"Link no Texto\" data-track-links=\"\" data-mrf-recirculation=\"Mat\u00e9ria - Links no Texto\">A Pol\u00edcia Civil informou que o inqu\u00e9rito ainda n\u00e3o foi conclu\u00eddo.&nbsp;<\/p>\n<p data-track-category=\"Link no Texto\" data-track-links=\"\" data-mrf-recirculation=\"Mat\u00e9ria - Links no Texto\"><em>Fonte: G1<\/em><\/p>\n<\/div>\n<\/div>\n<\/div>\n<\/div>\n<\/div>","protected":false},"excerpt":{"rendered":"<p>Respons\u00e1veis pela escola infantil de Alvorada, na Regi\u00e3o Metropolitana de Porto Alegre, foram alvos de uma a\u00e7\u00e3o do Minist\u00e9rio P\u00fablico do Estado nesta ter\u00e7a-feira (3). Duas&nbsp;professoras suspeitas de sedar crian\u00e7as&#8230;<\/p>","protected":false},"author":2,"featured_media":71961,"comment_status":"closed","ping_status":"closed","sticky":false,"template":"","format":"standard","meta":{"ngg_post_thumbnail":0,"footnotes":""},"categories":[28,33],"tags":[],"class_list":["post-71960","post","type-post","status-publish","format-standard","has-post-thumbnail","hentry","category-destaque","category-noticias"],"amp_enabled":true,"_links":{"self":[{"href":"https:\/\/www2.comunitaria.com.br\/en\/wp-json\/wp\/v2\/posts\/71960","targetHints":{"allow":["GET"]}}],"collection":[{"href":"https:\/\/www2.comunitaria.com.br\/en\/wp-json\/wp\/v2\/posts"}],"about":[{"href":"https:\/\/www2.comunitaria.com.br\/en\/wp-json\/wp\/v2\/types\/post"}],"author":[{"embeddable":true,"href":"https:\/\/www2.comunitaria.com.br\/en\/wp-json\/wp\/v2\/users\/2"}],"replies":[{"embeddable":true,"href":"https:\/\/www2.comunitaria.com.br\/en\/wp-json\/wp\/v2\/comments?post=71960"}],"version-history":[{"count":0,"href":"https:\/\/www2.comunitaria.com.br\/en\/wp-json\/wp\/v2\/posts\/71960\/revisions"}],"wp:featuredmedia":[{"embeddable":true,"href":"https:\/\/www2.comunitaria.com.br\/en\/wp-json\/wp\/v2\/media\/71961"}],"wp:attachment":[{"href":"https:\/\/www2.comunitaria.com.br\/en\/wp-json\/wp\/v2\/media?parent=71960"}],"wp:term":[{"taxonomy":"category","embeddable":true,"href":"https:\/\/www2.comunitaria.com.br\/en\/wp-json\/wp\/v2\/categories?post=71960"},{"taxonomy":"post_tag","embeddable":true,"href":"https:\/\/www2.comunitaria.com.br\/en\/wp-json\/wp\/v2\/tags?post=71960"}],"curies":[{"name":"wp","href":"https:\/\/api.w.org\/{rel}","templated":true}]}}