{"id":71941,"date":"2026-02-27T09:52:22","date_gmt":"2026-02-27T11:52:22","guid":{"rendered":"https:\/\/www2.comunitaria.com.br\/?p=71941"},"modified":"2026-02-27T09:52:22","modified_gmt":"2026-02-27T11:52:22","slug":"homem-suspeito-de-manter-companheira-em-carcere-privado-por-5-horas-e-preso-no-rs","status":"publish","type":"post","link":"https:\/\/www2.comunitaria.com.br\/en\/homem-suspeito-de-manter-companheira-em-carcere-privado-por-5-horas-e-preso-no-rs\/","title":{"rendered":"Homem suspeito de manter companheira em c\u00e1rcere privado por 5 horas \u00e9 preso no RS"},"content":{"rendered":"<div id=\"chunk-c388s\">\n<div class=\"mc-column content-text active-extra-styles\" data-block-type=\"unstyled\" data-block-weight=\"33\" data-block-id=\"3\">\n<p class=\"content-head__subtitle\"><em>V\u00edtima de 31 anos conseguiu escapar e buscou a delegacia para registrar a ocorr\u00eancia<\/em><\/p>\n<p class=\"content-text__container\" data-track-category=\"Link no Texto\" data-track-links=\"\" data-mrf-recirculation=\"Mat\u00e9ria - Links no Texto\">A Pol\u00edcia Civil&nbsp;prendeu&nbsp;um homem de 26 anos<span class=\"highlight highlighted\">&nbsp;suspeito de manter a companheira em c\u00e1rcere privado<\/span>&nbsp;em&nbsp;Rio Grande, no Sul do RS. A deten\u00e7\u00e3o foi realizada na tarde de quarta-feira (25).<\/p>\n<\/div>\n<\/div>\n<div class=\"wall protected-content\">\n<div id=\"chunk-bkf4c\">\n<div class=\"mc-column content-text active-extra-styles\" data-block-type=\"unstyled\" data-block-weight=\"42\" data-block-id=\"5\">\n<p class=\"content-text__container\" data-track-category=\"Link no Texto\" data-track-links=\"\" data-mrf-recirculation=\"Mat\u00e9ria - Links no Texto\">Segundo a corpora\u00e7\u00e3o, a v\u00edtima, uma mulher de 31 anos, teria conseguido&nbsp;escapar&nbsp;ap\u00f3s cerca de&nbsp;cinco horas privada de liberdade&nbsp;e procurou a delegacia para registrar a ocorr\u00eancia. Ela relatou, al\u00e9m do c\u00e1rcere, ter sido alvo de&nbsp;amea\u00e7as&nbsp;e&nbsp;viol\u00eancia psicol\u00f3gica.<\/p>\n<div id=\"chunk-7n2s6\">\n<div class=\"mc-column content-text active-extra-styles\" data-block-type=\"unstyled\" data-block-weight=\"15\" data-block-id=\"7\">\n<p class=\"content-text__container\" data-track-category=\"Link no Texto\" data-track-links=\"\" data-mrf-recirculation=\"Mat\u00e9ria - Links no Texto\">O registro da ocorr\u00eancia aconteceu na noite de ter\u00e7a-feira (24). quando foi solicitada a pris\u00e3o.<\/p>\n<\/div>\n<\/div>\n<div id=\"chunk-6m3jo\">\n<div class=\"mc-column content-text active-extra-styles\" data-block-type=\"unstyled\" data-block-weight=\"15\" data-block-id=\"8\">\n<p class=\"content-text__container\" data-track-category=\"Link no Texto\" data-track-links=\"\" data-mrf-recirculation=\"Mat\u00e9ria - Links no Texto\">O suspeito, que n\u00e3o teve o nome identificado,&nbsp;n\u00e3o tinha medida protetiva vigente contra ele.<\/p>\n<p data-track-category=\"Link no Texto\" data-track-links=\"\" data-mrf-recirculation=\"Mat\u00e9ria - Links no Texto\">Ap\u00f3s ser detido, foi encaminhado ao sistema prisional.<\/p>\n<p data-track-category=\"Link no Texto\" data-track-links=\"\" data-mrf-recirculation=\"Mat\u00e9ria - Links no Texto\"><em>Fonte: G1<\/em><\/p>\n<\/div>\n<\/div>\n<\/div>\n<\/div>\n<\/div>","protected":false},"excerpt":{"rendered":"<p>V\u00edtima de 31 anos conseguiu escapar e buscou a delegacia para registrar a ocorr\u00eancia A Pol\u00edcia Civil&nbsp;prendeu&nbsp;um homem de 26 anos&nbsp;suspeito de manter a companheira em c\u00e1rcere privado&nbsp;em&nbsp;Rio Grande, no&#8230;<\/p>","protected":false},"author":2,"featured_media":71943,"comment_status":"closed","ping_status":"closed","sticky":false,"template":"","format":"standard","meta":{"ngg_post_thumbnail":0,"footnotes":""},"categories":[28,33],"tags":[],"class_list":["post-71941","post","type-post","status-publish","format-standard","has-post-thumbnail","hentry","category-destaque","category-noticias"],"amp_enabled":true,"_links":{"self":[{"href":"https:\/\/www2.comunitaria.com.br\/en\/wp-json\/wp\/v2\/posts\/71941","targetHints":{"allow":["GET"]}}],"collection":[{"href":"https:\/\/www2.comunitaria.com.br\/en\/wp-json\/wp\/v2\/posts"}],"about":[{"href":"https:\/\/www2.comunitaria.com.br\/en\/wp-json\/wp\/v2\/types\/post"}],"author":[{"embeddable":true,"href":"https:\/\/www2.comunitaria.com.br\/en\/wp-json\/wp\/v2\/users\/2"}],"replies":[{"embeddable":true,"href":"https:\/\/www2.comunitaria.com.br\/en\/wp-json\/wp\/v2\/comments?post=71941"}],"version-history":[{"count":0,"href":"https:\/\/www2.comunitaria.com.br\/en\/wp-json\/wp\/v2\/posts\/71941\/revisions"}],"wp:featuredmedia":[{"embeddable":true,"href":"https:\/\/www2.comunitaria.com.br\/en\/wp-json\/wp\/v2\/media\/71943"}],"wp:attachment":[{"href":"https:\/\/www2.comunitaria.com.br\/en\/wp-json\/wp\/v2\/media?parent=71941"}],"wp:term":[{"taxonomy":"category","embeddable":true,"href":"https:\/\/www2.comunitaria.com.br\/en\/wp-json\/wp\/v2\/categories?post=71941"},{"taxonomy":"post_tag","embeddable":true,"href":"https:\/\/www2.comunitaria.com.br\/en\/wp-json\/wp\/v2\/tags?post=71941"}],"curies":[{"name":"wp","href":"https:\/\/api.w.org\/{rel}","templated":true}]}}