{"id":71935,"date":"2026-02-26T11:29:41","date_gmt":"2026-02-26T13:29:41","guid":{"rendered":"https:\/\/www2.comunitaria.com.br\/?p=71935"},"modified":"2026-02-26T11:29:41","modified_gmt":"2026-02-26T13:29:41","slug":"mostra-literaria-destaca-legado-de-maria-firmina-dos-reis-no-sesc-frederico-westphalen","status":"publish","type":"post","link":"https:\/\/www2.comunitaria.com.br\/en\/mostra-literaria-destaca-legado-de-maria-firmina-dos-reis-no-sesc-frederico-westphalen\/","title":{"rendered":"Mostra Liter\u00e1ria destaca legado de Maria Firmina dos Reis no Sesc Frederico Westphalen"},"content":{"rendered":"<p><em>Exposi\u00e7\u00e3o gratuita convida a comunidade a revisitar a hist\u00f3ria da primeira romancista negra da Am\u00e9rica Latina<\/em><\/p>\n<p dir=\"ltr\">At\u00e9 o dia 09 de mar\u00e7o, a biblioteca do&nbsp;Sesc Frederico Westphalen&nbsp;(Rua Arthur Milani, 854) recebe a&nbsp;Mostra Liter\u00e1ria Maria Firmina dos Reis, aberta \u00e0 visita\u00e7\u00e3o gratuita. A iniciativa prop\u00f5e um mergulho na trajet\u00f3ria de uma autora fundamental para a literatura brasileira.<\/p>\n<p dir=\"ltr\">Reconhecida como a primeira romancista negra da Am\u00e9rica Latina, Maria Firmina dos Reis foi professora, compositora e escritora maranhense, deixando contribui\u00e7\u00e3o decisiva ao movimento abolicionista. Em 1859, publicou &#8220;\u00darsula&#8221;, considerado o primeiro romance abolicionista do Brasil, obra pioneira ao denunciar as viol\u00eancias da escravid\u00e3o a partir de uma perspectiva humanizada das pessoas escravizadas. Al\u00e9m da produ\u00e7\u00e3o liter\u00e1ria, a autora tamb\u00e9m se destacou na educa\u00e7\u00e3o ao fundar uma escola mista e gratuita voltada a filhas e filhos de trabalhadores rurais, reafirmando seu compromisso com a inclus\u00e3o e a transforma\u00e7\u00e3o social por meio do ensino. A mostra apresenta informa\u00e7\u00f5es sobre sua vida e obra, estimulando reflex\u00f5es sobre protagonismo feminino, representatividade e mem\u00f3ria hist\u00f3rica.<\/p>\n<p dir=\"ltr\">Para a dire\u00e7\u00e3o do Sesc Frederico Westphalen, a a\u00e7\u00e3o refor\u00e7a o papel da biblioteca como espa\u00e7o de forma\u00e7\u00e3o e di\u00e1logo. \u201cAo evidenciarmos a trajet\u00f3ria de Maria Firmina dos Reis, ampliamos o acesso a narrativas que ajudaram a moldar a hist\u00f3ria do Brasil e que ainda ecoam na sociedade contempor\u00e2nea. A biblioteca \u00e9 esse territ\u00f3rio de encontro, reflex\u00e3o e descoberta\u201d, destaca a auxiliar de Programas Sociais do Sesc Frederico Westphalen Mait\u00ea Tieppo. \u201cA comunidade est\u00e1 convidada a visitar a exposi\u00e7\u00e3o nas depend\u00eancias do Sesc, registrar presen\u00e7a e participar deste momento de valoriza\u00e7\u00e3o da literatura e da for\u00e7a feminina na constru\u00e7\u00e3o cultural do pa\u00eds\u201d, completa. A visita\u00e7\u00e3o \u00e9 gratuita. Mais informa\u00e7\u00f5es podem ser acompanhadas nas redes sociais da Unidade.<\/p>\n<div>\n<p dir=\"ltr\"><strong>Mostra Liter\u00e1ria Maria Firmina dos Reis &#8211; Sesc Frederico Westphalen<\/strong><\/p>\n<p dir=\"ltr\">Data:&nbsp;At\u00e9 09\/03 (segunda-feira)<\/p>\n<p dir=\"ltr\">Local:&nbsp;Biblioteca do Sesc Frederico Westphalen (Rua Arthur Milani, 854)<\/p>\n<p>Mais informa\u00e7\u00f5es:&nbsp;Pelo telefone (55) 3744-7450, Whatsapp (55) 3744-7450 ou pelo perfil @sescfredericowestphalen nas redes sociais<\/p><\/div>","protected":false},"excerpt":{"rendered":"<p>Exposi\u00e7\u00e3o gratuita convida a comunidade a revisitar a hist\u00f3ria da primeira romancista negra da Am\u00e9rica Latina At\u00e9 o dia 09 de mar\u00e7o, a biblioteca do&nbsp;Sesc Frederico Westphalen&nbsp;(Rua Arthur Milani, 854)&#8230;<\/p>","protected":false},"author":2,"featured_media":71936,"comment_status":"closed","ping_status":"closed","sticky":false,"template":"","format":"standard","meta":{"ngg_post_thumbnail":0,"footnotes":""},"categories":[42,28,33],"tags":[],"class_list":["post-71935","post","type-post","status-publish","format-standard","has-post-thumbnail","hentry","category-fred-west","category-destaque","category-noticias"],"amp_enabled":true,"_links":{"self":[{"href":"https:\/\/www2.comunitaria.com.br\/en\/wp-json\/wp\/v2\/posts\/71935","targetHints":{"allow":["GET"]}}],"collection":[{"href":"https:\/\/www2.comunitaria.com.br\/en\/wp-json\/wp\/v2\/posts"}],"about":[{"href":"https:\/\/www2.comunitaria.com.br\/en\/wp-json\/wp\/v2\/types\/post"}],"author":[{"embeddable":true,"href":"https:\/\/www2.comunitaria.com.br\/en\/wp-json\/wp\/v2\/users\/2"}],"replies":[{"embeddable":true,"href":"https:\/\/www2.comunitaria.com.br\/en\/wp-json\/wp\/v2\/comments?post=71935"}],"version-history":[{"count":0,"href":"https:\/\/www2.comunitaria.com.br\/en\/wp-json\/wp\/v2\/posts\/71935\/revisions"}],"wp:featuredmedia":[{"embeddable":true,"href":"https:\/\/www2.comunitaria.com.br\/en\/wp-json\/wp\/v2\/media\/71936"}],"wp:attachment":[{"href":"https:\/\/www2.comunitaria.com.br\/en\/wp-json\/wp\/v2\/media?parent=71935"}],"wp:term":[{"taxonomy":"category","embeddable":true,"href":"https:\/\/www2.comunitaria.com.br\/en\/wp-json\/wp\/v2\/categories?post=71935"},{"taxonomy":"post_tag","embeddable":true,"href":"https:\/\/www2.comunitaria.com.br\/en\/wp-json\/wp\/v2\/tags?post=71935"}],"curies":[{"name":"wp","href":"https:\/\/api.w.org\/{rel}","templated":true}]}}