{"id":71907,"date":"2026-02-24T12:31:12","date_gmt":"2026-02-24T14:31:12","guid":{"rendered":"https:\/\/www2.comunitaria.com.br\/?p=71907"},"modified":"2026-02-24T12:31:12","modified_gmt":"2026-02-24T14:31:12","slug":"frederico-westphalen-conhece-seus-representantes-para-as-finais-do-circuito-verao-sesc-de-esportes","status":"publish","type":"post","link":"https:\/\/www2.comunitaria.com.br\/en\/frederico-westphalen-conhece-seus-representantes-para-as-finais-do-circuito-verao-sesc-de-esportes\/","title":{"rendered":"Frederico Westphalen conhece seus representantes para as finais do Circuito Ver\u00e3o Sesc de Esportes"},"content":{"rendered":"<p><em>Torneios classificat\u00f3rios ocorreram entre sexta-feira e domingo (20 a 22\/02) em diversas modalidades<\/em><\/p>\n<p dir=\"ltr\">No final de semana, Frederico Westphalen teve mais uma rodada de classificat\u00f3rias ao&nbsp;Circuito Ver\u00e3o Sesc de Esportes.&nbsp;A fim de definir os representantes do munic\u00edpio na final estadual do campeonato, que ocorrer\u00e1 na praia de Torres no m\u00eas que vem, os jogos aconteceram em diferentes espa\u00e7os entre sexta-feira, 20, e domingo, 22. A realiza\u00e7\u00e3o foi do&nbsp;Sesc&nbsp;e da Prefeitura Municipal, atrav\u00e9s da Secretaria de Esportes, Juventude e Lazer.<\/p>\n<p dir=\"ltr\">Entre as modalidades mais disputadas, o beach soccer foi promovido no Parque de Exposi\u00e7\u00f5es Monsenhor Vitor Battistella, e selecionou, como finalistas para&nbsp;disputar em Torres, a equipe masculina, Serrano FC, e a equipe feminina, Clubinho Chuta Fofo. O Basquete 3&#215;3 ocorreu no IFFar\/FW, com a vit\u00f3ria do Dragons FW. As modalidades de Beach Tennis e Futev\u00f4lei foram sediadas na Associa\u00e7\u00e3o Atl\u00e9tica Banco do Brasil (AABB), consagrando Fabr\u00edcio Machado e Jhonatan de Oliveira no Beach Tennis masculino, e Jeane Cristina da Luz e Sheila Cabral Giovenardi no Beach Tennis feminino. No futev\u00f4lei, os representantes que devem ir \u00e0 Torres s\u00e3o Douglas Willian Perini Fortes e Rafael Freitas Pasini no masculino, e Maria Eduarda Ferreira Ienerich e Maysa Albarello Vicentinim no feminino. J\u00e1 o v\u00f4lei de duplas teve como local o Serrano Beach Sports, dando a vit\u00f3ria a Artur Cocco e Altemir Roque Drechsler, no naipe masculino, e Ana Carolina Padilha Wagner e Polliani Cristina Chimello Frizon, no feminino.<\/p>\n<p dir=\"ltr\">\u201cCentenas de atletas, da cidade e da regi\u00e3o, participaram dos torneios classificat\u00f3rios protagonizando partidas de muito equil\u00edbrio t\u00e9cnico e esp\u00edrito esportivo\u201d, comenta o t\u00e9cnico de Esporte e Lazer do Sesc Frederico Westphalen, Edemundo Kraus. \u201cO evento veio para refor\u00e7ar o esporte como uma ferramenta de fortalecimento&nbsp;comunit\u00e1rio. Estaremos juntos, em Torres, torcendo por todos\u201d, pontua. Atletas de dezenas de cidades j\u00e1 est\u00e3o confirmados para as finais.<\/p>","protected":false},"excerpt":{"rendered":"<p>Torneios classificat\u00f3rios ocorreram entre sexta-feira e domingo (20 a 22\/02) em diversas modalidades No final de semana, Frederico Westphalen teve mais uma rodada de classificat\u00f3rias ao&nbsp;Circuito Ver\u00e3o Sesc de Esportes.&nbsp;A&#8230;<\/p>","protected":false},"author":2,"featured_media":71908,"comment_status":"closed","ping_status":"closed","sticky":false,"template":"","format":"standard","meta":{"ngg_post_thumbnail":0,"footnotes":""},"categories":[42,28,33],"tags":[],"class_list":["post-71907","post","type-post","status-publish","format-standard","has-post-thumbnail","hentry","category-fred-west","category-destaque","category-noticias"],"amp_enabled":true,"_links":{"self":[{"href":"https:\/\/www2.comunitaria.com.br\/en\/wp-json\/wp\/v2\/posts\/71907","targetHints":{"allow":["GET"]}}],"collection":[{"href":"https:\/\/www2.comunitaria.com.br\/en\/wp-json\/wp\/v2\/posts"}],"about":[{"href":"https:\/\/www2.comunitaria.com.br\/en\/wp-json\/wp\/v2\/types\/post"}],"author":[{"embeddable":true,"href":"https:\/\/www2.comunitaria.com.br\/en\/wp-json\/wp\/v2\/users\/2"}],"replies":[{"embeddable":true,"href":"https:\/\/www2.comunitaria.com.br\/en\/wp-json\/wp\/v2\/comments?post=71907"}],"version-history":[{"count":0,"href":"https:\/\/www2.comunitaria.com.br\/en\/wp-json\/wp\/v2\/posts\/71907\/revisions"}],"wp:featuredmedia":[{"embeddable":true,"href":"https:\/\/www2.comunitaria.com.br\/en\/wp-json\/wp\/v2\/media\/71908"}],"wp:attachment":[{"href":"https:\/\/www2.comunitaria.com.br\/en\/wp-json\/wp\/v2\/media?parent=71907"}],"wp:term":[{"taxonomy":"category","embeddable":true,"href":"https:\/\/www2.comunitaria.com.br\/en\/wp-json\/wp\/v2\/categories?post=71907"},{"taxonomy":"post_tag","embeddable":true,"href":"https:\/\/www2.comunitaria.com.br\/en\/wp-json\/wp\/v2\/tags?post=71907"}],"curies":[{"name":"wp","href":"https:\/\/api.w.org\/{rel}","templated":true}]}}