{"id":71886,"date":"2026-02-23T10:43:24","date_gmt":"2026-02-23T12:43:24","guid":{"rendered":"https:\/\/www2.comunitaria.com.br\/?p=71886"},"modified":"2026-02-23T10:43:24","modified_gmt":"2026-02-23T12:43:24","slug":"onibus-com-35-passageiros-tomba-na-br-293-apos-motorista-parar-no-acostamento","status":"publish","type":"post","link":"https:\/\/www2.comunitaria.com.br\/en\/onibus-com-35-passageiros-tomba-na-br-293-apos-motorista-parar-no-acostamento\/","title":{"rendered":"\u00d4nibus com 35 passageiros tomba na BR-293 ap\u00f3s motorista parar no acostamento"},"content":{"rendered":"<p><em>Ve\u00edculo deslizou para fora da pista<\/em><\/p>\n<p>Um \u00f4nibus com&nbsp;35 passageiros&nbsp;tombou no km 16 da&nbsp;BR-293, em&nbsp;Cap\u00e3o do Le\u00e3o, por volta das 8h desta segunda-feira (23). O ve\u00edculo fazia o trajeto entre&nbsp;Pelotas e Pinheiro Machado.<\/p>\n<div class=\"article-paragraph\">\n<p>Duas pessoas sofreram&nbsp;ferimentos leves&nbsp;e foram atendidas no local.<\/p>\n<\/div>\n<div class=\"article-paragraph\">\n<p>Segundo informa\u00e7\u00f5es iniciais, o acidente ocorreu ap\u00f3s o motorista parar o coletivo no acostamento para aguardar a chegada de um outro \u00f4nibus, que daria continuidade \u00e0 viagem. Enquanto o condutor utilizava o banheiro, o ve\u00edculo estacionado&nbsp;deslizou para fora da pista e tombou.<\/p>\n<\/div>\n<div class=\"article-paragraph\">\n<p>Logo ap\u00f3s a ocorr\u00eancia, outro \u00f4nibus da empresa chegou ao local e seguiu viagem com os passageiros.<\/p>\n<p><em>Fonte: GZH<\/em><\/p>\n<\/div>","protected":false},"excerpt":{"rendered":"<p>Ve\u00edculo deslizou para fora da pista Um \u00f4nibus com&nbsp;35 passageiros&nbsp;tombou no km 16 da&nbsp;BR-293, em&nbsp;Cap\u00e3o do Le\u00e3o, por volta das 8h desta segunda-feira (23). O ve\u00edculo fazia o trajeto entre&nbsp;Pelotas&#8230;<\/p>","protected":false},"author":2,"featured_media":71888,"comment_status":"closed","ping_status":"closed","sticky":false,"template":"","format":"standard","meta":{"ngg_post_thumbnail":0,"footnotes":""},"categories":[28,33],"tags":[],"class_list":["post-71886","post","type-post","status-publish","format-standard","has-post-thumbnail","hentry","category-destaque","category-noticias"],"amp_enabled":true,"_links":{"self":[{"href":"https:\/\/www2.comunitaria.com.br\/en\/wp-json\/wp\/v2\/posts\/71886","targetHints":{"allow":["GET"]}}],"collection":[{"href":"https:\/\/www2.comunitaria.com.br\/en\/wp-json\/wp\/v2\/posts"}],"about":[{"href":"https:\/\/www2.comunitaria.com.br\/en\/wp-json\/wp\/v2\/types\/post"}],"author":[{"embeddable":true,"href":"https:\/\/www2.comunitaria.com.br\/en\/wp-json\/wp\/v2\/users\/2"}],"replies":[{"embeddable":true,"href":"https:\/\/www2.comunitaria.com.br\/en\/wp-json\/wp\/v2\/comments?post=71886"}],"version-history":[{"count":0,"href":"https:\/\/www2.comunitaria.com.br\/en\/wp-json\/wp\/v2\/posts\/71886\/revisions"}],"wp:featuredmedia":[{"embeddable":true,"href":"https:\/\/www2.comunitaria.com.br\/en\/wp-json\/wp\/v2\/media\/71888"}],"wp:attachment":[{"href":"https:\/\/www2.comunitaria.com.br\/en\/wp-json\/wp\/v2\/media?parent=71886"}],"wp:term":[{"taxonomy":"category","embeddable":true,"href":"https:\/\/www2.comunitaria.com.br\/en\/wp-json\/wp\/v2\/categories?post=71886"},{"taxonomy":"post_tag","embeddable":true,"href":"https:\/\/www2.comunitaria.com.br\/en\/wp-json\/wp\/v2\/tags?post=71886"}],"curies":[{"name":"wp","href":"https:\/\/api.w.org\/{rel}","templated":true}]}}