{"id":71875,"date":"2026-02-23T09:19:50","date_gmt":"2026-02-23T11:19:50","guid":{"rendered":"https:\/\/www2.comunitaria.com.br\/?p=71875"},"modified":"2026-02-23T09:19:50","modified_gmt":"2026-02-23T11:19:50","slug":"homem-morre-e-mulher-e-crianca-ficam-feridas-em-acidente-na-br-468-em-palmeira-das-missoes","status":"publish","type":"post","link":"https:\/\/www2.comunitaria.com.br\/en\/homem-morre-e-mulher-e-crianca-ficam-feridas-em-acidente-na-br-468-em-palmeira-das-missoes\/","title":{"rendered":"Homem morre, e mulher e crian\u00e7a ficam feridas em acidente na BR-468, em Palmeira das Miss\u00f5es"},"content":{"rendered":"<p><em>Condutor, de 50 anos, perdeu o controle do ve\u00edculo e colidiu contra uma \u00e1rvore no km 20 da rodovia<\/em><\/p>\n<div class=\"article-paragraph\">\n<p>Um homem, de 50 anos, morreu em um acidente na&nbsp;BR-468, em&nbsp;Palmeira das Miss\u00f5es, na tarde deste domingo (22). O condutor, natural de Erval Seco, estava acompanhado de uma mulher, de 23 anos, e de uma crian\u00e7a, de dois anos. &nbsp;<\/p>\n<\/div>\n<div class=\"article-paragraph\">\n<p>Segundo informa\u00e7\u00f5es do Centro de Opera\u00e7\u00f5es Bombeiro Militar de Palmeira das Miss\u00f5es, a v\u00edtima perdeu o controle do carro e colidiu contra uma \u00e1rvore, na lateral da rodovia, na altura do km 20. Ele morreu no local.<\/p>\n<\/div>\n<div class=\"article-paragraph\">\n<p>A passageira e a crian\u00e7a foram socorridas e encaminhadas para o Hospital de Caridade, em Palmeira das Miss\u00f5es.<\/p>\n<\/div>\n<div class=\"article-paragraph\">\n<p>Al\u00e9m dos Bombeiros, a Pol\u00edcia Rodovi\u00e1ria Federal atendeu a ocorr\u00eancia. As causas do acidente est\u00e3o sendo apuradas.&nbsp;<\/p>\n<p><em>Fonte: GZH<\/em><\/p>\n<\/div>","protected":false},"excerpt":{"rendered":"<p>Condutor, de 50 anos, perdeu o controle do ve\u00edculo e colidiu contra uma \u00e1rvore no km 20 da rodovia Um homem, de 50 anos, morreu em um acidente na&nbsp;BR-468, em&nbsp;Palmeira&#8230;<\/p>","protected":false},"author":2,"featured_media":71876,"comment_status":"closed","ping_status":"closed","sticky":false,"template":"","format":"standard","meta":{"ngg_post_thumbnail":0,"footnotes":""},"categories":[28,33,43],"tags":[],"class_list":["post-71875","post","type-post","status-publish","format-standard","has-post-thumbnail","hentry","category-destaque","category-noticias","category-regiao"],"amp_enabled":true,"_links":{"self":[{"href":"https:\/\/www2.comunitaria.com.br\/en\/wp-json\/wp\/v2\/posts\/71875","targetHints":{"allow":["GET"]}}],"collection":[{"href":"https:\/\/www2.comunitaria.com.br\/en\/wp-json\/wp\/v2\/posts"}],"about":[{"href":"https:\/\/www2.comunitaria.com.br\/en\/wp-json\/wp\/v2\/types\/post"}],"author":[{"embeddable":true,"href":"https:\/\/www2.comunitaria.com.br\/en\/wp-json\/wp\/v2\/users\/2"}],"replies":[{"embeddable":true,"href":"https:\/\/www2.comunitaria.com.br\/en\/wp-json\/wp\/v2\/comments?post=71875"}],"version-history":[{"count":0,"href":"https:\/\/www2.comunitaria.com.br\/en\/wp-json\/wp\/v2\/posts\/71875\/revisions"}],"wp:featuredmedia":[{"embeddable":true,"href":"https:\/\/www2.comunitaria.com.br\/en\/wp-json\/wp\/v2\/media\/71876"}],"wp:attachment":[{"href":"https:\/\/www2.comunitaria.com.br\/en\/wp-json\/wp\/v2\/media?parent=71875"}],"wp:term":[{"taxonomy":"category","embeddable":true,"href":"https:\/\/www2.comunitaria.com.br\/en\/wp-json\/wp\/v2\/categories?post=71875"},{"taxonomy":"post_tag","embeddable":true,"href":"https:\/\/www2.comunitaria.com.br\/en\/wp-json\/wp\/v2\/tags?post=71875"}],"curies":[{"name":"wp","href":"https:\/\/api.w.org\/{rel}","templated":true}]}}