{"id":71873,"date":"2026-02-20T12:35:42","date_gmt":"2026-02-20T14:35:42","guid":{"rendered":"https:\/\/www2.comunitaria.com.br\/?p=71873"},"modified":"2026-02-20T12:35:42","modified_gmt":"2026-02-20T14:35:42","slug":"baba-sequestra-crianca-em-sananduva","status":"publish","type":"post","link":"https:\/\/www2.comunitaria.com.br\/en\/baba-sequestra-crianca-em-sananduva\/","title":{"rendered":"Bab\u00e1 sequestra crian\u00e7a em Sananduva"},"content":{"rendered":"<p><em>Menor \u00e9 localizada e est\u00e1 em seguran\u00e7a com a fam\u00edlia<\/em><\/p>\n<div class=\"x14z9mp xat24cr x1lziwak x1vvkbs xtlvy1s x126k92a\">\n<div dir=\"auto\">Uma crian\u00e7a de 1 ano e 4 meses foi localizada na manh\u00e3 desta sexta-feira (20), ap\u00f3s passar a noite desaparecida em Sananduva. A bab\u00e1, apontada como respons\u00e1vel por sair com a menor, foi detida e encaminhada \u00e0 delegacia.<\/div>\n<\/div>\n<div class=\"x14z9mp xat24cr x1lziwak x1vvkbs xtlvy1s x126k92a\">\n<div dir=\"auto\">&nbsp;<\/div>\n<div dir=\"auto\">Conforme as informa\u00e7\u00f5es, a crian\u00e7a foi vista pela \u00faltima vez na quinta-feira, por volta das 18h, quando chegou da creche em uma van escolar. Logo em seguida, foi vista saindo com a bab\u00e1 e n\u00e3o foi mais encontrada.<\/div>\n<\/div>\n<div class=\"x14z9mp xat24cr x1lziwak x1vvkbs xtlvy1s x126k92a\">\n<div dir=\"auto\">&nbsp;<\/div>\n<div dir=\"auto\">A situa\u00e7\u00e3o gerou grande preocupa\u00e7\u00e3o aos familiares, que acionaram as autoridades. As buscas iniciaram ainda durante a noite.<\/div>\n<div dir=\"auto\">\n<div class=\"x14z9mp xat24cr x1lziwak x1vvkbs xtlvy1s x126k92a\">\n<div dir=\"auto\">&nbsp;<\/div>\n<div dir=\"auto\">Na manh\u00e3 desta sexta-feira (20), a crian\u00e7a foi localizada junto com a bab\u00e1. A mulher foi detida e levada \u00e0 delegacia de pol\u00edcia de Sananduva para prestar esclarecimentos.<\/div>\n<\/div>\n<div class=\"x14z9mp xat24cr x1lziwak x1vvkbs xtlvy1s x126k92a\">\n<div dir=\"auto\">&nbsp;<\/div>\n<div dir=\"auto\">A crian\u00e7a est\u00e1 bem e permanece sob os cuidados dos pais.<\/div>\n<\/div>\n<div class=\"x14z9mp xat24cr x1lziwak x1vvkbs xtlvy1s x126k92a\">\n<div dir=\"auto\">&nbsp;<\/div>\n<div dir=\"auto\">O caso ser\u00e1 investigado pela Pol\u00edcia Civil.<\/div>\n<\/div>\n<\/div>\n<\/div>\n<div dir=\"auto\">&nbsp;<\/div>\n<div dir=\"auto\"><em>Fonte: R\u00e1dio Uirapuru<\/em><\/div>","protected":false},"excerpt":{"rendered":"<p>Menor \u00e9 localizada e est\u00e1 em seguran\u00e7a com a fam\u00edlia Uma crian\u00e7a de 1 ano e 4 meses foi localizada na manh\u00e3 desta sexta-feira (20), ap\u00f3s passar a noite desaparecida em Sananduva. A bab\u00e1, apontada como respons\u00e1vel por sair com a menor, foi detida e encaminhada \u00e0 delegacia. &nbsp; Conforme as informa\u00e7\u00f5es, a crian\u00e7a foi<\/p>\n<div class=\"read-more-wrapper\"><a class=\"read-more\" href=\"https:\/\/www2.comunitaria.com.br\/en\/baba-sequestra-crianca-em-sananduva\/\" title=\"Read More\"> <span class=\"button\">Read More<\/span><\/a><\/div>","protected":false},"author":2,"featured_media":71874,"comment_status":"closed","ping_status":"closed","sticky":false,"template":"","format":"standard","meta":{"ngg_post_thumbnail":0,"footnotes":""},"categories":[28,33],"tags":[],"class_list":["post-71873","post","type-post","status-publish","format-standard","has-post-thumbnail","hentry","category-destaque","category-noticias"],"amp_enabled":true,"_links":{"self":[{"href":"https:\/\/www2.comunitaria.com.br\/en\/wp-json\/wp\/v2\/posts\/71873","targetHints":{"allow":["GET"]}}],"collection":[{"href":"https:\/\/www2.comunitaria.com.br\/en\/wp-json\/wp\/v2\/posts"}],"about":[{"href":"https:\/\/www2.comunitaria.com.br\/en\/wp-json\/wp\/v2\/types\/post"}],"author":[{"embeddable":true,"href":"https:\/\/www2.comunitaria.com.br\/en\/wp-json\/wp\/v2\/users\/2"}],"replies":[{"embeddable":true,"href":"https:\/\/www2.comunitaria.com.br\/en\/wp-json\/wp\/v2\/comments?post=71873"}],"version-history":[{"count":0,"href":"https:\/\/www2.comunitaria.com.br\/en\/wp-json\/wp\/v2\/posts\/71873\/revisions"}],"wp:featuredmedia":[{"embeddable":true,"href":"https:\/\/www2.comunitaria.com.br\/en\/wp-json\/wp\/v2\/media\/71874"}],"wp:attachment":[{"href":"https:\/\/www2.comunitaria.com.br\/en\/wp-json\/wp\/v2\/media?parent=71873"}],"wp:term":[{"taxonomy":"category","embeddable":true,"href":"https:\/\/www2.comunitaria.com.br\/en\/wp-json\/wp\/v2\/categories?post=71873"},{"taxonomy":"post_tag","embeddable":true,"href":"https:\/\/www2.comunitaria.com.br\/en\/wp-json\/wp\/v2\/tags?post=71873"}],"curies":[{"name":"wp","href":"https:\/\/api.w.org\/{rel}","templated":true}]}}