{"id":71829,"date":"2026-02-18T09:15:41","date_gmt":"2026-02-18T11:15:41","guid":{"rendered":"https:\/\/www2.comunitaria.com.br\/?p=71829"},"modified":"2026-02-18T09:17:31","modified_gmt":"2026-02-18T11:17:31","slug":"bm-prende-uma-pessoa-por-embriaguez-ao-volante-desobediencia-e-rompimento-de-tornozeleira-eletronica-em-constantina","status":"publish","type":"post","link":"https:\/\/www2.comunitaria.com.br\/en\/bm-prende-uma-pessoa-por-embriaguez-ao-volante-desobediencia-e-rompimento-de-tornozeleira-eletronica-em-constantina\/","title":{"rendered":"BM prende uma pessoa por embriaguez ao volante, desobedi\u00eancia e rompimento de tornozeleira eletr\u00f4nica em Constantina"},"content":{"rendered":"<p>Na noite de segunda-feira (16), a Brigada Militar atendeu uma ocorr\u00eancia de tr\u00e2nsito no munic\u00edpio de Constantina envolvendo embriaguez ao volante, desobedi\u00eancia e rompimento de tornozeleira eletr\u00f4nica.<\/p>\n<p>A guarni\u00e7\u00e3o foi acionada via telefone funcional ap\u00f3s a informa\u00e7\u00e3o de que um ve\u00edculo teria ingressado em uma via em alta velocidade e ca\u00eddo em um barranco. No local, foi realizada a abordagem ao autom\u00f3vel, onde se encontravam uma mulher e uma crian\u00e7a. O condutor havia descido do ve\u00edculo e tentou se evadir, sendo capturado logo em seguida.<\/p>\n<p>Durante a abordagem, o homem confirmou que havia rompido a tornozeleira eletr\u00f4nica e apresentava vis\u00edveis sinais de embriaguez. Submetido ao teste do etil\u00f4metro, foi constatado o \u00edndice de 0,49 mg\/l de \u00e1lcool por litro de ar alveolar.<\/p>\n<p>Diante dos fatos, foi dada voz de pris\u00e3o em flagrante pelo crime de embriaguez ao volante. O indiv\u00edduo foi conduzido ao hospital para a realiza\u00e7\u00e3o de exame de les\u00f5es e, posteriormente, \u00e0 delegacia de pol\u00edcia para a lavratura do auto de pris\u00e3o em flagrante.<\/p>\n<p>A autoridade policial arbitrou fian\u00e7a, a qual n\u00e3o foi paga. Ap\u00f3s os procedimentos legais e comunica\u00e7\u00f5es de praxe, o preso foi encaminhado ao estabelecimento prisional da regi\u00e3o.<\/p>\n<p><em>Fonte: BM Constantina<\/em><\/p>","protected":false},"excerpt":{"rendered":"<p>Na noite de segunda-feira (16), a Brigada Militar atendeu uma ocorr\u00eancia de tr\u00e2nsito no munic\u00edpio de Constantina envolvendo embriaguez ao volante, desobedi\u00eancia e rompimento de tornozeleira eletr\u00f4nica. A guarni\u00e7\u00e3o foi&#8230;<\/p>","protected":false},"author":2,"featured_media":71832,"comment_status":"closed","ping_status":"closed","sticky":false,"template":"","format":"standard","meta":{"ngg_post_thumbnail":0,"footnotes":""},"categories":[28,33,43],"tags":[],"class_list":["post-71829","post","type-post","status-publish","format-standard","has-post-thumbnail","hentry","category-destaque","category-noticias","category-regiao"],"amp_enabled":true,"_links":{"self":[{"href":"https:\/\/www2.comunitaria.com.br\/en\/wp-json\/wp\/v2\/posts\/71829","targetHints":{"allow":["GET"]}}],"collection":[{"href":"https:\/\/www2.comunitaria.com.br\/en\/wp-json\/wp\/v2\/posts"}],"about":[{"href":"https:\/\/www2.comunitaria.com.br\/en\/wp-json\/wp\/v2\/types\/post"}],"author":[{"embeddable":true,"href":"https:\/\/www2.comunitaria.com.br\/en\/wp-json\/wp\/v2\/users\/2"}],"replies":[{"embeddable":true,"href":"https:\/\/www2.comunitaria.com.br\/en\/wp-json\/wp\/v2\/comments?post=71829"}],"version-history":[{"count":0,"href":"https:\/\/www2.comunitaria.com.br\/en\/wp-json\/wp\/v2\/posts\/71829\/revisions"}],"wp:featuredmedia":[{"embeddable":true,"href":"https:\/\/www2.comunitaria.com.br\/en\/wp-json\/wp\/v2\/media\/71832"}],"wp:attachment":[{"href":"https:\/\/www2.comunitaria.com.br\/en\/wp-json\/wp\/v2\/media?parent=71829"}],"wp:term":[{"taxonomy":"category","embeddable":true,"href":"https:\/\/www2.comunitaria.com.br\/en\/wp-json\/wp\/v2\/categories?post=71829"},{"taxonomy":"post_tag","embeddable":true,"href":"https:\/\/www2.comunitaria.com.br\/en\/wp-json\/wp\/v2\/tags?post=71829"}],"curies":[{"name":"wp","href":"https:\/\/api.w.org\/{rel}","templated":true}]}}