{"id":71760,"date":"2026-02-11T10:35:00","date_gmt":"2026-02-11T12:35:00","guid":{"rendered":"https:\/\/www2.comunitaria.com.br\/?p=71760"},"modified":"2026-02-11T10:35:00","modified_gmt":"2026-02-11T12:35:00","slug":"suspeito-de-matar-ex-e-pai-de-filhos-dela-e-encontrado-morto-em-frente-a-predio-da-policia-no-rs","status":"publish","type":"post","link":"https:\/\/www2.comunitaria.com.br\/en\/suspeito-de-matar-ex-e-pai-de-filhos-dela-e-encontrado-morto-em-frente-a-predio-da-policia-no-rs\/","title":{"rendered":"Suspeito de matar ex e pai de filhos dela \u00e9 encontrado morto em frente a pr\u00e9dio da pol\u00edcia no RS"},"content":{"rendered":"<p class=\"content-head__subtitle\"><em>Caso \u00e9 investigado como feminic\u00eddio e homic\u00eddio.&nbsp;<\/em><\/p>\n<div id=\"chunk-fdors\">\n<div class=\"mc-column content-text active-extra-styles\" data-block-type=\"unstyled\" data-block-weight=\"51\" data-block-id=\"3\">\n<p class=\"content-text__container\" data-track-category=\"Link no Texto\" data-track-links=\"\" data-mrf-recirculation=\"Mat\u00e9ria - Links no Texto\">O homem suspeito de&nbsp;matar a ex-namorada e o ex-marido dela&nbsp;foi encontrado morto na manh\u00e3 desta quarta-feira (11) em&nbsp;Santa Clara do Sul, na Regi\u00e3o dos Vales. Segundo a Brigada Militar (BM), o corpo de&nbsp;Elton Leuse, de 58 anos, estava em frente \u00e0 sede da corpora\u00e7\u00e3o na cidade.<\/p>\n<\/div>\n<\/div>\n<div class=\"wall protected-content\">\n<div id=\"chunk-a38jq\">\n<div class=\"mc-column content-text active-extra-styles\" data-block-type=\"unstyled\" data-block-weight=\"13\" data-block-id=\"5\">\n<p class=\"content-text__container\" data-track-category=\"Link no Texto\" data-track-links=\"\" data-mrf-recirculation=\"Mat\u00e9ria - Links no Texto\"><span class=\"highlight highlighted\">Ele era procurado desde a noite de segunda-feira (9), quando o crime ocorreu.<\/span><\/p>\n<p data-track-category=\"Link no Texto\" data-track-links=\"\" data-mrf-recirculation=\"Mat\u00e9ria - Links no Texto\">O caso \u00e9 investigado pela Pol\u00edcia Civil como feminic\u00eddio seguido de homic\u00eddio.&nbsp;Na ocasi\u00e3o, Elton foi at\u00e9 a casa da ex-namorada,&nbsp;Juliane Cristina Schuster, de 30 anos. No local,&nbsp;<span class=\"highlight highlighted\">ele usou uma caminhonete para atropelar o ex-marido de Juliane, Fabiano Lu\u00eds Fleck, de 37 anos, e o atual namorado dela, Cristiano Douglas Marques, de 45, que conversavam na frente da resid\u00eancia.<\/span><\/p>\n<div id=\"chunk-5tea8\">\n<div class=\"mc-column content-text active-extra-styles\" data-block-type=\"unstyled\" data-block-weight=\"53\" data-block-id=\"10\">\n<p class=\"content-text__container\" data-track-category=\"Link no Texto\" data-track-links=\"\" data-mrf-recirculation=\"Mat\u00e9ria - Links no Texto\">Ap\u00f3s a colis\u00e3o,&nbsp;o suspeito desceu do ve\u00edculo e atirou contra Fabiano. Em seguida,&nbsp;invadiu a casa e disparou contra Juliane, que morreu no local.&nbsp;<span class=\"highlight highlighted\">A filha do casal, uma menina de 5 anos, estava na resid\u00eancia e se trancou em um dos c\u00f4modos.<\/span>&nbsp;Ela foi resgatada sem ferimentos e entregue a familiares.<\/p>\n<\/div>\n<\/div>\n<div id=\"chunk-dkv6d\">\n<div class=\"mc-column content-text active-extra-styles\" data-block-type=\"unstyled\" data-block-weight=\"33\" data-block-id=\"11\">\n<p class=\"content-text__container\" data-track-category=\"Link no Texto\" data-track-links=\"\" data-mrf-recirculation=\"Mat\u00e9ria - Links no Texto\">Cristiano, o atual namorado de Juliane, ficou gravemente ferido e preso sob o ve\u00edculo.<span class=\"highlight highlighted\">&nbsp;Ele foi socorrido e encaminhado a um hospital em Porto Alegre.&nbsp;<\/span>O local do crime foi isolado para per\u00edcia.<\/p>\n<\/div>\n<\/div>\n<div id=\"chunk-6f3ak\">\n<div class=\"mc-column content-text active-extra-styles\" data-block-type=\"unstyled\" data-block-weight=\"45\" data-block-id=\"12\">\n<p class=\"content-text__container\" data-track-category=\"Link no Texto\" data-track-links=\"\" data-mrf-recirculation=\"Mat\u00e9ria - Links no Texto\">A pol\u00edcia informou que&nbsp;Juliane tinha uma medida protetiva contra Elton desde novembro do ano passado. Al\u00e9m disso,&nbsp;<span class=\"highlight highlighted\">ela havia denunciado o suspeito por um suposto abuso contra sua outra filha, de 13 anos<\/span>. Uma audi\u00eancia sobre o caso estava marcada para os pr\u00f3ximos dias.<\/p>\n<p data-track-category=\"Link no Texto\" data-track-links=\"\" data-mrf-recirculation=\"Mat\u00e9ria - Links no Texto\"><em>Fonte: G1<\/em><\/p>\n<\/div>\n<\/div>\n<\/div>\n<\/div>\n<\/div>","protected":false},"excerpt":{"rendered":"<p>Caso \u00e9 investigado como feminic\u00eddio e homic\u00eddio.&nbsp; O homem suspeito de&nbsp;matar a ex-namorada e o ex-marido dela&nbsp;foi encontrado morto na manh\u00e3 desta quarta-feira (11) em&nbsp;Santa Clara do Sul, na Regi\u00e3o&#8230;<\/p>","protected":false},"author":2,"featured_media":71761,"comment_status":"closed","ping_status":"closed","sticky":false,"template":"","format":"standard","meta":{"ngg_post_thumbnail":0,"footnotes":""},"categories":[28,33],"tags":[],"class_list":["post-71760","post","type-post","status-publish","format-standard","has-post-thumbnail","hentry","category-destaque","category-noticias"],"amp_enabled":true,"_links":{"self":[{"href":"https:\/\/www2.comunitaria.com.br\/en\/wp-json\/wp\/v2\/posts\/71760","targetHints":{"allow":["GET"]}}],"collection":[{"href":"https:\/\/www2.comunitaria.com.br\/en\/wp-json\/wp\/v2\/posts"}],"about":[{"href":"https:\/\/www2.comunitaria.com.br\/en\/wp-json\/wp\/v2\/types\/post"}],"author":[{"embeddable":true,"href":"https:\/\/www2.comunitaria.com.br\/en\/wp-json\/wp\/v2\/users\/2"}],"replies":[{"embeddable":true,"href":"https:\/\/www2.comunitaria.com.br\/en\/wp-json\/wp\/v2\/comments?post=71760"}],"version-history":[{"count":0,"href":"https:\/\/www2.comunitaria.com.br\/en\/wp-json\/wp\/v2\/posts\/71760\/revisions"}],"wp:featuredmedia":[{"embeddable":true,"href":"https:\/\/www2.comunitaria.com.br\/en\/wp-json\/wp\/v2\/media\/71761"}],"wp:attachment":[{"href":"https:\/\/www2.comunitaria.com.br\/en\/wp-json\/wp\/v2\/media?parent=71760"}],"wp:term":[{"taxonomy":"category","embeddable":true,"href":"https:\/\/www2.comunitaria.com.br\/en\/wp-json\/wp\/v2\/categories?post=71760"},{"taxonomy":"post_tag","embeddable":true,"href":"https:\/\/www2.comunitaria.com.br\/en\/wp-json\/wp\/v2\/tags?post=71760"}],"curies":[{"name":"wp","href":"https:\/\/api.w.org\/{rel}","templated":true}]}}