{"id":71740,"date":"2026-02-10T09:44:40","date_gmt":"2026-02-10T11:44:40","guid":{"rendered":"https:\/\/www2.comunitaria.com.br\/?p=71740"},"modified":"2026-02-10T09:44:40","modified_gmt":"2026-02-10T11:44:40","slug":"conab-recebe-o-setor-do-arroz-e-debate-novas-medidas-de-apoio-em-reuniao-no-rio-grande-do-sul","status":"publish","type":"post","link":"https:\/\/www2.comunitaria.com.br\/en\/conab-recebe-o-setor-do-arroz-e-debate-novas-medidas-de-apoio-em-reuniao-no-rio-grande-do-sul\/","title":{"rendered":"Conab recebe o setor do arroz e debate novas medidas de apoio em reuni\u00e3o no Rio Grande do Sul"},"content":{"rendered":"<p dir=\"ltr\">O presidente da Companhia Nacional de Abastecimento (Conab), Edegar Pretto, reuniu-se nesta segunda-feira (9), em Porto Alegre, com o presidente da Federa\u00e7\u00e3o das Associa\u00e7\u00f5es de Arrozeiros do Rio Grande do Sul (Federarroz), Denis Dias, para discutir os problemas enfrentados pela cadeia produtiva do arroz e avaliar medidas de apoio \u00e0 comercializa\u00e7\u00e3o.<\/p>\n<p dir=\"ltr\">O encontro ocorreu na sede da Superintend\u00eancia Regional da Conab no estado e contou com a participa\u00e7\u00e3o dos diretores da estatal Silvio Porto, de Pol\u00edtica Agr\u00edcola e Informa\u00e7\u00f5es, e Arnoldo de Campos, de Opera\u00e7\u00f5es e Abastecimento; do superintendente da Conab no Rio Grande do Sul, Glauto Lisboa Melo; da representante do Sindicato da Ind\u00fastria do Arroz de Pelotas (Sindapel), Daniele Braga; do presidente do Sindicato da Ind\u00fastria do Arroz no Rio Grande do Sul (Sindarroz), Eduardo Nunes; do presidente da Associa\u00e7\u00e3o Brasileira da Ind\u00fastria do Arroz (Abiarroz), Renato Franzer; e da diretora executiva da entidade, Andressa Silva.<\/p>\n<p dir=\"ltr\">Durante a reuni\u00e3o, os participantes trataram das possibilidades de ado\u00e7\u00e3o de pol\u00edticas p\u00fablicas para equilibrar os pre\u00e7os do arroz e ampliar a liquidez da atividade arrozeira. Segundo Edegar Pretto, a orienta\u00e7\u00e3o do governo federal \u00e9 manter o di\u00e1logo permanente com produtores e ind\u00fastria e utilizar todos os instrumentos previstos na miss\u00e3o institucional da Conab. \u201cEstamos sempre em busca de a\u00e7\u00f5es e pol\u00edticas para equilibrar os pre\u00e7os. A orienta\u00e7\u00e3o \u00e9 colocar na mesa, junto com os representantes da cadeia, todos os mecanismos ao nosso alcance. Estamos sempre abertos ao di\u00e1logo com o setor produtivo\u201d, afirmou.<\/p>\n<p dir=\"ltr\">O presidente da Conab ressaltou que a agenda tamb\u00e9m serviu para avaliar as a\u00e7\u00f5es j\u00e1 realizadas pela Companhia, como opera\u00e7\u00f5es de Aquisi\u00e7\u00e3o do Governo Federal (AGF) e de Pr\u00eamio Equalizador Pago ao Produtor (Pepro), al\u00e9m de ouvir as demandas apresentadas para o in\u00edcio da nova safra. De acordo com Pretto, o di\u00e1logo com produtores e ind\u00fastria permanece cont\u00ednuo, e a Conab far\u00e1 uma reuni\u00e3o em breve com os minist\u00e9rios da Fazenda, do Desenvolvimento Agr\u00e1rio (MDA) e da Agricultura e Pecu\u00e1ria (Mapa) para avan\u00e7ar na constru\u00e7\u00e3o de propostas de apoio \u00e0 cadeia do arroz.<\/p>\n<p dir=\"ltr\">Representando os produtores, Denis Dias demonstrou preocupa\u00e7\u00e3o com a falta de liquidez enfrentada atualmente. Segundo ele, s\u00e3o necess\u00e1rias medidas que viabilizem o escoamento da produ\u00e7\u00e3o e aliviem a situa\u00e7\u00e3o financeira dos arrozeiros. \u201cEstamos com um estoque de passagem ainda muito elevado. A situa\u00e7\u00e3o segue dif\u00edcil e o endividamento cresceu. H\u00e1 necessidade de liquidez para que os produtores consigam pagar as contas mais urgentes, que sempre surgem na boca da safra, e tamb\u00e9m garantir o pr\u00f3prio sustento\u201d, afirmou.<\/p>\n<p dir=\"ltr\">O presidente do Sindarroz, Eduardo Nunes, destacou a leve recupera\u00e7\u00e3o recente do setor, e afirmou que a estabilidade dos pre\u00e7os, com a eventual ajuda do governo, j\u00e1 representaria um al\u00edvio. \u201cO ano de 2025 foi muito dif\u00edcil. Agora estamos vendo uma pequena recupera\u00e7\u00e3o; parar de cair, para n\u00f3s, j\u00e1 \u00e9 um alento. O mais importante \u00e9 n\u00e3o deixar o pre\u00e7o afundar, com a retirada do excesso do mercado. Contamos com o apoio do governo federal\u201d, ressaltou.<\/p>\n<p dir=\"ltr\"><em>Fonte: Assessoria de Comunica\u00e7\u00e3o Edegar Pretto<\/em><\/p>","protected":false},"excerpt":{"rendered":"<p>O presidente da Companhia Nacional de Abastecimento (Conab), Edegar Pretto, reuniu-se nesta segunda-feira (9), em Porto Alegre, com o presidente da Federa\u00e7\u00e3o das Associa\u00e7\u00f5es de Arrozeiros do Rio Grande do&#8230;<\/p>","protected":false},"author":2,"featured_media":71741,"comment_status":"closed","ping_status":"closed","sticky":false,"template":"","format":"standard","meta":{"ngg_post_thumbnail":0,"footnotes":""},"categories":[28,33],"tags":[],"class_list":["post-71740","post","type-post","status-publish","format-standard","has-post-thumbnail","hentry","category-destaque","category-noticias"],"amp_enabled":true,"_links":{"self":[{"href":"https:\/\/www2.comunitaria.com.br\/en\/wp-json\/wp\/v2\/posts\/71740","targetHints":{"allow":["GET"]}}],"collection":[{"href":"https:\/\/www2.comunitaria.com.br\/en\/wp-json\/wp\/v2\/posts"}],"about":[{"href":"https:\/\/www2.comunitaria.com.br\/en\/wp-json\/wp\/v2\/types\/post"}],"author":[{"embeddable":true,"href":"https:\/\/www2.comunitaria.com.br\/en\/wp-json\/wp\/v2\/users\/2"}],"replies":[{"embeddable":true,"href":"https:\/\/www2.comunitaria.com.br\/en\/wp-json\/wp\/v2\/comments?post=71740"}],"version-history":[{"count":0,"href":"https:\/\/www2.comunitaria.com.br\/en\/wp-json\/wp\/v2\/posts\/71740\/revisions"}],"wp:featuredmedia":[{"embeddable":true,"href":"https:\/\/www2.comunitaria.com.br\/en\/wp-json\/wp\/v2\/media\/71741"}],"wp:attachment":[{"href":"https:\/\/www2.comunitaria.com.br\/en\/wp-json\/wp\/v2\/media?parent=71740"}],"wp:term":[{"taxonomy":"category","embeddable":true,"href":"https:\/\/www2.comunitaria.com.br\/en\/wp-json\/wp\/v2\/categories?post=71740"},{"taxonomy":"post_tag","embeddable":true,"href":"https:\/\/www2.comunitaria.com.br\/en\/wp-json\/wp\/v2\/tags?post=71740"}],"curies":[{"name":"wp","href":"https:\/\/api.w.org\/{rel}","templated":true}]}}