{"id":71662,"date":"2026-02-04T09:43:56","date_gmt":"2026-02-04T11:43:56","guid":{"rendered":"https:\/\/www2.comunitaria.com.br\/?p=71662"},"modified":"2026-02-04T09:43:56","modified_gmt":"2026-02-04T11:43:56","slug":"homem-morre-e-outras-tres-pessoas-ficam-feridas-apos-acidente-entre-carro-e-caminhao-em-vacaria","status":"publish","type":"post","link":"https:\/\/www2.comunitaria.com.br\/en\/homem-morre-e-outras-tres-pessoas-ficam-feridas-apos-acidente-entre-carro-e-caminhao-em-vacaria\/","title":{"rendered":"Homem morre e outras tr\u00eas pessoas ficam feridas ap\u00f3s acidente entre carro e caminh\u00e3o em Vacaria"},"content":{"rendered":"<p><em>Quatro pessoas estavam no autom\u00f3vel e ficaram presas nas ferragens<\/em><\/p>\n<p>Um homem que n\u00e3o teve a identidade divulgada oficialmente&nbsp;morreu em um acidente de tr\u00e2nsito entre um carro e um caminh\u00e3o em Vacaria. A colis\u00e3o aconteceu entre as ruas Campos Sales com a Presidente Kenedy, no bairro Gasparetto, pr\u00f3ximo ao pres\u00eddio do munic\u00edpio.<\/p>\n<p>Segundo o Corpo de Bombeiros, o homem morto estava no banco de tr\u00e1s do ve\u00edculo de passeio&nbsp;e chegou a ser socorrido ao hospital da cidade. O condutor e a caroneira do autom\u00f3vel estavam est\u00e1veis durante o atendimento.&nbsp;Um outro homem que tamb\u00e9m estava no banco traseiro teve ferimentos mais graves.&nbsp;<\/p>\n<div class=\"article-paragraph\">\n<p>Todos os ocupantes do ve\u00edculo ficaram presos \u00e0s ferragens e foram retirados pelos bombeiros.&nbsp;Tr\u00eas pessoas foram conduzidas pelo Samu e uma pelos bombeiros ao hospital. O condutor do caminh\u00e3o n\u00e3o se feriu.<\/p>\n<\/div>\n<div class=\"article-paragraph\">\n<p>Os bombeiros tamb\u00e9m informaram que o grupo que estava no carro estaria indo trabalhar em um pomar de ma\u00e7\u00e3s.<\/p>\n<\/div>\n<div class=\"article-paragraph\">\n<p>A Brigada Militar e a Guarda Municipal tamb\u00e9m atenderam ao acidente.<\/p>\n<p>Fonte: GZH<\/p>\n<\/div>","protected":false},"excerpt":{"rendered":"<p>Quatro pessoas estavam no autom\u00f3vel e ficaram presas nas ferragens Um homem que n\u00e3o teve a identidade divulgada oficialmente&nbsp;morreu em um acidente de tr\u00e2nsito entre um carro e um caminh\u00e3o&#8230;<\/p>","protected":false},"author":2,"featured_media":71663,"comment_status":"closed","ping_status":"closed","sticky":false,"template":"","format":"standard","meta":{"ngg_post_thumbnail":0,"footnotes":""},"categories":[28,33],"tags":[],"class_list":["post-71662","post","type-post","status-publish","format-standard","has-post-thumbnail","hentry","category-destaque","category-noticias"],"amp_enabled":true,"_links":{"self":[{"href":"https:\/\/www2.comunitaria.com.br\/en\/wp-json\/wp\/v2\/posts\/71662","targetHints":{"allow":["GET"]}}],"collection":[{"href":"https:\/\/www2.comunitaria.com.br\/en\/wp-json\/wp\/v2\/posts"}],"about":[{"href":"https:\/\/www2.comunitaria.com.br\/en\/wp-json\/wp\/v2\/types\/post"}],"author":[{"embeddable":true,"href":"https:\/\/www2.comunitaria.com.br\/en\/wp-json\/wp\/v2\/users\/2"}],"replies":[{"embeddable":true,"href":"https:\/\/www2.comunitaria.com.br\/en\/wp-json\/wp\/v2\/comments?post=71662"}],"version-history":[{"count":0,"href":"https:\/\/www2.comunitaria.com.br\/en\/wp-json\/wp\/v2\/posts\/71662\/revisions"}],"wp:featuredmedia":[{"embeddable":true,"href":"https:\/\/www2.comunitaria.com.br\/en\/wp-json\/wp\/v2\/media\/71663"}],"wp:attachment":[{"href":"https:\/\/www2.comunitaria.com.br\/en\/wp-json\/wp\/v2\/media?parent=71662"}],"wp:term":[{"taxonomy":"category","embeddable":true,"href":"https:\/\/www2.comunitaria.com.br\/en\/wp-json\/wp\/v2\/categories?post=71662"},{"taxonomy":"post_tag","embeddable":true,"href":"https:\/\/www2.comunitaria.com.br\/en\/wp-json\/wp\/v2\/tags?post=71662"}],"curies":[{"name":"wp","href":"https:\/\/api.w.org\/{rel}","templated":true}]}}