{"id":71646,"date":"2026-02-03T11:49:18","date_gmt":"2026-02-03T13:49:18","guid":{"rendered":"https:\/\/www2.comunitaria.com.br\/?p=71646"},"modified":"2026-02-03T11:49:18","modified_gmt":"2026-02-03T13:49:18","slug":"grupo-bloqueia-br-285-em-protesto-por-seguranca-apos-acidente-que-matou-pai-e-filha-em-carazinho","status":"publish","type":"post","link":"https:\/\/www2.comunitaria.com.br\/en\/grupo-bloqueia-br-285-em-protesto-por-seguranca-apos-acidente-que-matou-pai-e-filha-em-carazinho\/","title":{"rendered":"Grupo bloqueia BR-285 em protesto por seguran\u00e7a ap\u00f3s acidente que matou pai e filha em Carazinho"},"content":{"rendered":"<p><em>Tr\u00e2nsito j\u00e1 foi liberado. Nova manifesta\u00e7\u00e3o deve acontecer no s\u00e1bado (7).&nbsp;<\/em><\/p>\n<div class=\"article-paragraph\">\n<p>Um grupo&nbsp;bloqueou a BR-285&nbsp;em&nbsp;Carazinho, no norte do Estado, na manh\u00e3 desta ter\u00e7a-feira (3), em&nbsp;protesto por mais seguran\u00e7a nas estradas. A a\u00e7\u00e3o foi no quil\u00f4metro 341, ap\u00f3s&nbsp;acidente matar pai e filha&nbsp;no trecho, no \u00faltimo domingo (1\u00ba).<\/p>\n<\/div>\n<div class=\"article-paragraph\">\n<p>Conforme a Pol\u00edcia Rodovi\u00e1ria Federal (PRF), cerca de 40 pessoas&nbsp;atearam fogo em pneus&nbsp;e ficaram no local das 8h \u00e0s 10h. A ideia \u00e9 que um novo protesto seja realizado no in\u00edcio da manh\u00e3 de s\u00e1bado (7).&nbsp;<\/p>\n<div class=\"article-paragraph\">\n<p>O acidente que motivou o protesto envolveu&nbsp;um carro com placas de N\u00e3o-Me-Toque&nbsp;e um caminh\u00e3o&nbsp;de S\u00e3o Jos\u00e9 dos Pinhais (PR). Segundo a Pol\u00edcia Rodovi\u00e1ria Federal (PRF),&nbsp;o carro foi atingido pelo caminh\u00e3o ao tentar fazer uma convers\u00e3o \u00e0 esquerda na rodovia.<\/p>\n<\/div>\n<div class=\"article-paragraph\">\n<p>O&nbsp;condutor&nbsp;do autom\u00f3vel, natural de Espumoso,&nbsp;morreu no local. Com ele estava uma&nbsp;beb\u00ea de um m\u00eas, que chegou a ser socorrida, mas n\u00e3o resistiu aos ferimentos e morreu no hospital. Eles eram pai e filha, identificados como&nbsp;Vanderlei Moreira dos Santos&nbsp;e&nbsp;Ester Moreira dos Santos da Silva.&nbsp;<\/p>\n<\/div>\n<div class=\"article-paragraph\">\n<p>O motorista do caminh\u00e3o n\u00e3o se feriu. Ele realizou o teste do baf\u00f4metro, que resultou negativo para ingest\u00e3o de \u00e1lcool.<\/p>\n<p><em>Fonte: GZH<\/em><\/p>\n<\/div>\n<\/div>","protected":false},"excerpt":{"rendered":"<p>Tr\u00e2nsito j\u00e1 foi liberado. Nova manifesta\u00e7\u00e3o deve acontecer no s\u00e1bado (7).&nbsp; Um grupo&nbsp;bloqueou a BR-285&nbsp;em&nbsp;Carazinho, no norte do Estado, na manh\u00e3 desta ter\u00e7a-feira (3), em&nbsp;protesto por mais seguran\u00e7a nas estradas&#8230;.<\/p>","protected":false},"author":2,"featured_media":71649,"comment_status":"closed","ping_status":"closed","sticky":false,"template":"","format":"standard","meta":{"ngg_post_thumbnail":0,"footnotes":""},"categories":[28,33],"tags":[],"class_list":["post-71646","post","type-post","status-publish","format-standard","has-post-thumbnail","hentry","category-destaque","category-noticias"],"amp_enabled":true,"_links":{"self":[{"href":"https:\/\/www2.comunitaria.com.br\/en\/wp-json\/wp\/v2\/posts\/71646","targetHints":{"allow":["GET"]}}],"collection":[{"href":"https:\/\/www2.comunitaria.com.br\/en\/wp-json\/wp\/v2\/posts"}],"about":[{"href":"https:\/\/www2.comunitaria.com.br\/en\/wp-json\/wp\/v2\/types\/post"}],"author":[{"embeddable":true,"href":"https:\/\/www2.comunitaria.com.br\/en\/wp-json\/wp\/v2\/users\/2"}],"replies":[{"embeddable":true,"href":"https:\/\/www2.comunitaria.com.br\/en\/wp-json\/wp\/v2\/comments?post=71646"}],"version-history":[{"count":0,"href":"https:\/\/www2.comunitaria.com.br\/en\/wp-json\/wp\/v2\/posts\/71646\/revisions"}],"wp:featuredmedia":[{"embeddable":true,"href":"https:\/\/www2.comunitaria.com.br\/en\/wp-json\/wp\/v2\/media\/71649"}],"wp:attachment":[{"href":"https:\/\/www2.comunitaria.com.br\/en\/wp-json\/wp\/v2\/media?parent=71646"}],"wp:term":[{"taxonomy":"category","embeddable":true,"href":"https:\/\/www2.comunitaria.com.br\/en\/wp-json\/wp\/v2\/categories?post=71646"},{"taxonomy":"post_tag","embeddable":true,"href":"https:\/\/www2.comunitaria.com.br\/en\/wp-json\/wp\/v2\/tags?post=71646"}],"curies":[{"name":"wp","href":"https:\/\/api.w.org\/{rel}","templated":true}]}}