{"id":71626,"date":"2026-02-02T12:28:27","date_gmt":"2026-02-02T14:28:27","guid":{"rendered":"https:\/\/www2.comunitaria.com.br\/?p=71626"},"modified":"2026-02-02T12:28:27","modified_gmt":"2026-02-02T14:28:27","slug":"homicidio-e-registrado-em-marau","status":"publish","type":"post","link":"https:\/\/www2.comunitaria.com.br\/en\/homicidio-e-registrado-em-marau\/","title":{"rendered":"Homic\u00eddio \u00e9 registrado em Marau"},"content":{"rendered":"<p>Na madrugada deste s\u00e1bado (31), por volta das 5h45, a Brigada Militar foi acionada pelo COPOM para atender, inicialmente, uma ocorr\u00eancia de acidente de tr\u00e2nsito na Rua Jos\u00e9 Pastre, no munic\u00edpio de Marau.<\/p>\n<p>Ao chegar ao local, a guarni\u00e7\u00e3o localizou um ve\u00edculo Celta, de cor preta, estacionado, com os vidros semiabertos. No interior do autom\u00f3vel encontrava-se um homem ferido, com grande quantidade de sangue.<\/p>\n<p>Uma equipe do SAMU foi acionada e, ap\u00f3s atendimento no local, constatou o \u00f3bito. De forma preliminar, foi informado que a causa prov\u00e1vel da morte seria ferimento por arma branca na regi\u00e3o do pesco\u00e7o, nas proximidades da jugular.<\/p>\n<p>Diante dos fatos, a \u00e1rea foi isolada para preserva\u00e7\u00e3o do local, sendo realizada a comunica\u00e7\u00e3o imediata \u00e0 Pol\u00edcia Civil, que assumiu a investiga\u00e7\u00e3o para apura\u00e7\u00e3o das circunst\u00e2ncias, autoria e motiva\u00e7\u00e3o do crime.<\/p>\n<div id=\"supertag-ad-bzuspwbd0\" data-google-query-id=\"CPaY9YSBu5IDFYA9HgAdcAYC9w\"><em>Fonte: R\u00e1dio Uirapuru<\/em><\/div>","protected":false},"excerpt":{"rendered":"<p>Na madrugada deste s\u00e1bado (31), por volta das 5h45, a Brigada Militar foi acionada pelo COPOM para atender, inicialmente, uma ocorr\u00eancia de acidente de tr\u00e2nsito na Rua Jos\u00e9 Pastre, no munic\u00edpio de Marau. Ao chegar ao local, a guarni\u00e7\u00e3o localizou um ve\u00edculo Celta, de cor preta, estacionado, com os vidros semiabertos. No interior do autom\u00f3vel<\/p>\n<div class=\"read-more-wrapper\"><a class=\"read-more\" href=\"https:\/\/www2.comunitaria.com.br\/en\/homicidio-e-registrado-em-marau\/\" title=\"Read More\"> <span class=\"button\">Read More<\/span><\/a><\/div>","protected":false},"author":2,"featured_media":71627,"comment_status":"closed","ping_status":"closed","sticky":false,"template":"","format":"standard","meta":{"ngg_post_thumbnail":0,"footnotes":""},"categories":[28,33],"tags":[],"class_list":["post-71626","post","type-post","status-publish","format-standard","has-post-thumbnail","hentry","category-destaque","category-noticias"],"amp_enabled":true,"_links":{"self":[{"href":"https:\/\/www2.comunitaria.com.br\/en\/wp-json\/wp\/v2\/posts\/71626","targetHints":{"allow":["GET"]}}],"collection":[{"href":"https:\/\/www2.comunitaria.com.br\/en\/wp-json\/wp\/v2\/posts"}],"about":[{"href":"https:\/\/www2.comunitaria.com.br\/en\/wp-json\/wp\/v2\/types\/post"}],"author":[{"embeddable":true,"href":"https:\/\/www2.comunitaria.com.br\/en\/wp-json\/wp\/v2\/users\/2"}],"replies":[{"embeddable":true,"href":"https:\/\/www2.comunitaria.com.br\/en\/wp-json\/wp\/v2\/comments?post=71626"}],"version-history":[{"count":0,"href":"https:\/\/www2.comunitaria.com.br\/en\/wp-json\/wp\/v2\/posts\/71626\/revisions"}],"wp:featuredmedia":[{"embeddable":true,"href":"https:\/\/www2.comunitaria.com.br\/en\/wp-json\/wp\/v2\/media\/71627"}],"wp:attachment":[{"href":"https:\/\/www2.comunitaria.com.br\/en\/wp-json\/wp\/v2\/media?parent=71626"}],"wp:term":[{"taxonomy":"category","embeddable":true,"href":"https:\/\/www2.comunitaria.com.br\/en\/wp-json\/wp\/v2\/categories?post=71626"},{"taxonomy":"post_tag","embeddable":true,"href":"https:\/\/www2.comunitaria.com.br\/en\/wp-json\/wp\/v2\/tags?post=71626"}],"curies":[{"name":"wp","href":"https:\/\/api.w.org\/{rel}","templated":true}]}}