{"id":71574,"date":"2026-01-29T10:13:28","date_gmt":"2026-01-29T12:13:28","guid":{"rendered":"https:\/\/www2.comunitaria.com.br\/?p=71574"},"modified":"2026-01-29T10:13:28","modified_gmt":"2026-01-29T12:13:28","slug":"aapecan-reforca-cuidados-com-a-pele-na-campanha-verao-laranja","status":"publish","type":"post","link":"https:\/\/www2.comunitaria.com.br\/en\/aapecan-reforca-cuidados-com-a-pele-na-campanha-verao-laranja\/","title":{"rendered":"Aapecan refor\u00e7a cuidados com a pele na Campanha Ver\u00e3o Laranja"},"content":{"rendered":"<p>Com a chegada do ver\u00e3o e dos dias mais quentes, a Associa\u00e7\u00e3o de Apoio a Pessoas com C\u00e2ncer (Aapecan) lan\u00e7a a Campanha Ver\u00e3o Laranja, uma a\u00e7\u00e3o desenvolvida pelas 15 unidades da entidade em todo o Rio Grande do Sul, com o objetivo de conscientizar a popula\u00e7\u00e3o sobre a preven\u00e7\u00e3o ao c\u00e2ncer de pele.<\/p>\n<p>Atualmente, cerca de 130 usu\u00e1rios atendidos pela Aapecan convivem com diagn\u00f3stico de c\u00e2ncer de pele, um dos tipos mais comuns de c\u00e2ncer no Brasil. De acordo com o Instituto Nacional de C\u00e2ncer (INCA), o pa\u00eds registra anualmente mais de 220 mil novos casos, o que representa aproximadamente 30% de todos os diagn\u00f3sticos de c\u00e2ncer.<\/p>\n<p>No Rio Grande do Sul, o cen\u00e1rio \u00e9 ainda mais preocupante. O Estado est\u00e1 entre os que registram as maiores taxas de incid\u00eancia de c\u00e2ncer de pele no pa\u00eds, especialmente nas regi\u00f5es de clima mais seco e de forte radia\u00e7\u00e3o solar. A combina\u00e7\u00e3o da alta exposi\u00e7\u00e3o solar, especialmente nas atividades rurais e ao ar livre, e da caracter\u00edstica de pele clara da popula\u00e7\u00e3o ga\u00facha contribui para o aumento do n\u00famero de casos.<\/p>\n<p>Segundo a dermatologista Dra. Alexandra Nunes Mattos, o c\u00e2ncer de pele \u00e9 o mais comum no mundo, sendo dividido principalmente em carcinomas (basocelular e espinocelular) e melanoma. Os carcinomas s\u00e3o mais frequentes e est\u00e3o fortemente ligados \u00e0 exposi\u00e7\u00e3o solar e \u00e0 radia\u00e7\u00e3o ultravioleta, cujo efeito \u00e9 cumulativo ao longo da vida, alterando o DNA das c\u00e9lulas da pele e podendo levar ao c\u00e2ncer. O melanoma \u00e9 menos comum, mas mais agressivo, e al\u00e9m da exposi\u00e7\u00e3o solar, possui um componente gen\u00e9tico, sendo mais frequente em pessoas com hist\u00f3rico familiar da doen\u00e7a.<\/p>\n<p>\u201cA exposi\u00e7\u00e3o excessiva ao sol, especialmente sem o uso de protetor solar, \u00e9 o principal fator de risco para o desenvolvimento da doen\u00e7a. \u00c9 importante evitar a exposi\u00e7\u00e3o entre 10h e 16h, usar chap\u00e9us, roupas adequadas, \u00f3culos de sol e reaplicar o filtro solar a cada duas horas\u201d, destaca a profissional.<\/p>\n<p>Os trabalhadores rurais, pescadores, agricultores, profissionais da constru\u00e7\u00e3o civil e pessoas que passam longos per\u00edodos expostos ao sol est\u00e3o entre os grupos mais atingidos pela doen\u00e7a. Al\u00e9m disso, idosos e pessoas de pele clara, com hist\u00f3rico de queimaduras solares ou casos de c\u00e2ncer na fam\u00edlia, apresentam maior risco de desenvolver o problema.<\/p>\n<p>Entre as principais medidas de preven\u00e7\u00e3o est\u00e3o o uso di\u00e1rio de protetor solar com FPS 30 ou superior, a observa\u00e7\u00e3o de manchas, pintas ou feridas que n\u00e3o cicatrizam, e a busca por avalia\u00e7\u00e3o m\u00e9dica diante de qualquer altera\u00e7\u00e3o suspeita.<\/p>\n<p>Em Iju\u00ed, al\u00e9m de distribui\u00e7\u00e3o de materiais informativos sobre os cuidados que devem ser tomados com a pele, a Aapecan realizar\u00e1 uma roda de conversa para os usu\u00e1rios e seus familiares, no dia 24 de fevereiro, tendo como local a Esta\u00e7\u00e3o Cidadania, Cultura e Esporte, no Parque da Pedreira, mediada pela enfermeira Luciele Rorato.<\/p>\n<p>O Ver\u00e3o Laranja tamb\u00e9m tem o prop\u00f3sito de informar e acolher pessoas diagnosticadas com c\u00e2ncer de pele, oferecendo suporte emocional, social e orienta\u00e7\u00f5es sobre o tratamento. Para saber mais, acesse o site www.aapecan.org.br ou acompanhe as redes sociais da institui\u00e7\u00e3o (@aapecanrs). Tamb\u00e9m \u00e9 poss\u00edvel entrar em contato com a unidade da Aapecan mais pr\u00f3xima para obter atendimento e suporte gratuito.<\/p>\n<p><em>Fonte: Associa\u00e7\u00e3o de Apoio a Pessoas com C\u00e2ncer (Aapecan)<\/em><\/p>\n<p>&nbsp;<\/p>","protected":false},"excerpt":{"rendered":"<p>Com a chegada do ver\u00e3o e dos dias mais quentes, a Associa\u00e7\u00e3o de Apoio a Pessoas com C\u00e2ncer (Aapecan) lan\u00e7a a Campanha Ver\u00e3o Laranja, uma a\u00e7\u00e3o desenvolvida pelas 15 unidades&#8230;<\/p>","protected":false},"author":2,"featured_media":71575,"comment_status":"closed","ping_status":"closed","sticky":false,"template":"","format":"standard","meta":{"ngg_post_thumbnail":0,"footnotes":""},"categories":[42,28,33],"tags":[],"class_list":["post-71574","post","type-post","status-publish","format-standard","has-post-thumbnail","hentry","category-fred-west","category-destaque","category-noticias"],"amp_enabled":true,"_links":{"self":[{"href":"https:\/\/www2.comunitaria.com.br\/en\/wp-json\/wp\/v2\/posts\/71574","targetHints":{"allow":["GET"]}}],"collection":[{"href":"https:\/\/www2.comunitaria.com.br\/en\/wp-json\/wp\/v2\/posts"}],"about":[{"href":"https:\/\/www2.comunitaria.com.br\/en\/wp-json\/wp\/v2\/types\/post"}],"author":[{"embeddable":true,"href":"https:\/\/www2.comunitaria.com.br\/en\/wp-json\/wp\/v2\/users\/2"}],"replies":[{"embeddable":true,"href":"https:\/\/www2.comunitaria.com.br\/en\/wp-json\/wp\/v2\/comments?post=71574"}],"version-history":[{"count":0,"href":"https:\/\/www2.comunitaria.com.br\/en\/wp-json\/wp\/v2\/posts\/71574\/revisions"}],"wp:featuredmedia":[{"embeddable":true,"href":"https:\/\/www2.comunitaria.com.br\/en\/wp-json\/wp\/v2\/media\/71575"}],"wp:attachment":[{"href":"https:\/\/www2.comunitaria.com.br\/en\/wp-json\/wp\/v2\/media?parent=71574"}],"wp:term":[{"taxonomy":"category","embeddable":true,"href":"https:\/\/www2.comunitaria.com.br\/en\/wp-json\/wp\/v2\/categories?post=71574"},{"taxonomy":"post_tag","embeddable":true,"href":"https:\/\/www2.comunitaria.com.br\/en\/wp-json\/wp\/v2\/tags?post=71574"}],"curies":[{"name":"wp","href":"https:\/\/api.w.org\/{rel}","templated":true}]}}