{"id":71515,"date":"2026-01-26T09:12:04","date_gmt":"2026-01-26T11:12:04","guid":{"rendered":"https:\/\/www2.comunitaria.com.br\/?p=71515"},"modified":"2026-01-26T09:12:04","modified_gmt":"2026-01-26T11:12:04","slug":"ciclista-morre-ao-ser-atingido-por-caminhonete-na-br-158-em-cruz-alta","status":"publish","type":"post","link":"https:\/\/www2.comunitaria.com.br\/en\/ciclista-morre-ao-ser-atingido-por-caminhonete-na-br-158-em-cruz-alta\/","title":{"rendered":"Ciclista morre ao ser atingido por caminhonete na BR-158, em Cruz Alta"},"content":{"rendered":"<p class=\"mb-5 font-plex text-[19px] leading-[25px] text-gzh-gray font-medium\"><em>Acidente ocorreu na noite de domingo (25). V\u00edtima morreu no local<\/em><\/p>\n<p>Um ciclista morreu ap\u00f3s ser atingido por um ve\u00edculo na&nbsp;BR-158, em&nbsp;Cruz Alta, no noroeste do Estado, na noite de domingo (25). O acidente aconteceu por volta das 20h30min, no km 218 da rodovia.<\/p>\n<div class=\"article-paragraph\">\n<p>De acordo com a Pol\u00edcia Rodovi\u00e1ria Federal (PRF), uma caminhonete Saveiro trafegava no sentido J\u00falio de Castilhos a Cruz Alta quando colidiu na traseira de uma bicicleta que seguia pela pista, pr\u00f3xima \u00e0 linha de bordo. Com o impacto,&nbsp;o ciclista morreu no local.<\/p>\n<\/div>\n<div class=\"article-paragraph\">\n<p>A identidade da v\u00edtima ainda n\u00e3o foi divulgada. As circunst\u00e2ncias da colis\u00e3o ser\u00e3o investigadas.<\/p>\n<p><em>Fonte: GZH<\/em><\/p>\n<\/div>\n<div class=\"mb-7 flex h-[62px] flex-row items-center justify-between border-y-[1px] text-gzh-gray\">\n<div class=\"hidden lg:flex\">\n<div class=\"relative inline-block\">&nbsp;<\/div>\n<\/div>\n<\/div>\n","protected":false},"excerpt":{"rendered":"<p>Acidente ocorreu na noite de domingo (25). V\u00edtima morreu no local Um ciclista morreu ap\u00f3s ser atingido por um ve\u00edculo na&nbsp;BR-158, em&nbsp;Cruz Alta, no noroeste do Estado, na noite de&#8230;<\/p>","protected":false},"author":2,"featured_media":71516,"comment_status":"closed","ping_status":"closed","sticky":false,"template":"","format":"standard","meta":{"ngg_post_thumbnail":0,"footnotes":""},"categories":[28,33,43],"tags":[],"class_list":["post-71515","post","type-post","status-publish","format-standard","has-post-thumbnail","hentry","category-destaque","category-noticias","category-regiao"],"amp_enabled":true,"_links":{"self":[{"href":"https:\/\/www2.comunitaria.com.br\/en\/wp-json\/wp\/v2\/posts\/71515","targetHints":{"allow":["GET"]}}],"collection":[{"href":"https:\/\/www2.comunitaria.com.br\/en\/wp-json\/wp\/v2\/posts"}],"about":[{"href":"https:\/\/www2.comunitaria.com.br\/en\/wp-json\/wp\/v2\/types\/post"}],"author":[{"embeddable":true,"href":"https:\/\/www2.comunitaria.com.br\/en\/wp-json\/wp\/v2\/users\/2"}],"replies":[{"embeddable":true,"href":"https:\/\/www2.comunitaria.com.br\/en\/wp-json\/wp\/v2\/comments?post=71515"}],"version-history":[{"count":0,"href":"https:\/\/www2.comunitaria.com.br\/en\/wp-json\/wp\/v2\/posts\/71515\/revisions"}],"wp:featuredmedia":[{"embeddable":true,"href":"https:\/\/www2.comunitaria.com.br\/en\/wp-json\/wp\/v2\/media\/71516"}],"wp:attachment":[{"href":"https:\/\/www2.comunitaria.com.br\/en\/wp-json\/wp\/v2\/media?parent=71515"}],"wp:term":[{"taxonomy":"category","embeddable":true,"href":"https:\/\/www2.comunitaria.com.br\/en\/wp-json\/wp\/v2\/categories?post=71515"},{"taxonomy":"post_tag","embeddable":true,"href":"https:\/\/www2.comunitaria.com.br\/en\/wp-json\/wp\/v2\/tags?post=71515"}],"curies":[{"name":"wp","href":"https:\/\/api.w.org\/{rel}","templated":true}]}}