{"id":71501,"date":"2026-01-23T09:51:00","date_gmt":"2026-01-23T11:51:00","guid":{"rendered":"https:\/\/www2.comunitaria.com.br\/?p=71501"},"modified":"2026-01-23T09:51:00","modified_gmt":"2026-01-23T11:51:00","slug":"padrasto-e-preso-por-incendio-apos-morte-de-menino-em-briga-de-vizinhos-em-nonoai","status":"publish","type":"post","link":"https:\/\/www2.comunitaria.com.br\/en\/padrasto-e-preso-por-incendio-apos-morte-de-menino-em-briga-de-vizinhos-em-nonoai\/","title":{"rendered":"Padrasto \u00e9 preso por inc\u00eandio ap\u00f3s morte de menino em briga de vizinhos em Nonoai"},"content":{"rendered":"<p><em>Homem \u00e9 suspeito de atear fogo em casa e carro de atirador que matou enteado de 10 anos durante desentendimento. O autor do disparo j\u00e1 havia sido detido em Santa Catarina<\/em><\/p>\n<p>Foi preso na quinta-feira (22) o padrasto do menino que morreu&nbsp;durante uma&nbsp;briga de vizinhos em Nonoai, no norte do RS. O homem de 52 anos \u00e9&nbsp;suspeito de iniciar um inc\u00eandio&nbsp;ap\u00f3s o desentendimento que resultou na morte do enteado.<\/p>\n<p>O caso aconteceu no \u00faltimo dia 12 de janeiro. O menino&nbsp;Edegar do Valle Correa, de 10 anos, foi atingido por um tiro no pesco\u00e7o na Rua Floriano Peixoto, ao sair de casa para ver o que estava acontecendo durante a desaven\u00e7a entre os homens. Apesar de ter sido socorrido e levado ao hospital, a crian\u00e7a n\u00e3o resistiu aos ferimentos e morreu.<\/p>\n<div class=\"article-paragraph\">\n<p>De acordo com a Pol\u00edcia Civil, o padrasto \u00e9 suspeito de&nbsp;atear fogo na casa e no carro&nbsp;do outro homem envolvido na briga, em retalia\u00e7\u00e3o \u00e0 morte do enteado, depois de ter levado o menino para a emerg\u00eancia. A pris\u00e3o&nbsp;preventiva do padrasto foi decretada.<\/p>\n<\/div>\n<div class=\"article-paragraph\">\n<p>O segundo envolvido na briga \u00e9&nbsp;Mauro C\u00e9sar Rodrigues da Rosa, suspeito do disparo fatal. Ele foi localizado e preso em Santa Catarina&nbsp;na madrugada seguinte ao crime, ap\u00f3s tentar fugir. A investiga\u00e7\u00e3o segue para apurar todas as circunst\u00e2ncias do caso.<\/p>\n<p><em>Fonte: GZH<\/em><\/p>\n<\/div>","protected":false},"excerpt":{"rendered":"<p>Homem \u00e9 suspeito de atear fogo em casa e carro de atirador que matou enteado de 10 anos durante desentendimento. O autor do disparo j\u00e1 havia sido detido em Santa&#8230;<\/p>","protected":false},"author":2,"featured_media":71502,"comment_status":"closed","ping_status":"closed","sticky":false,"template":"","format":"standard","meta":{"ngg_post_thumbnail":0,"footnotes":""},"categories":[33],"tags":[],"class_list":["post-71501","post","type-post","status-publish","format-standard","has-post-thumbnail","hentry","category-noticias"],"amp_enabled":true,"_links":{"self":[{"href":"https:\/\/www2.comunitaria.com.br\/en\/wp-json\/wp\/v2\/posts\/71501","targetHints":{"allow":["GET"]}}],"collection":[{"href":"https:\/\/www2.comunitaria.com.br\/en\/wp-json\/wp\/v2\/posts"}],"about":[{"href":"https:\/\/www2.comunitaria.com.br\/en\/wp-json\/wp\/v2\/types\/post"}],"author":[{"embeddable":true,"href":"https:\/\/www2.comunitaria.com.br\/en\/wp-json\/wp\/v2\/users\/2"}],"replies":[{"embeddable":true,"href":"https:\/\/www2.comunitaria.com.br\/en\/wp-json\/wp\/v2\/comments?post=71501"}],"version-history":[{"count":0,"href":"https:\/\/www2.comunitaria.com.br\/en\/wp-json\/wp\/v2\/posts\/71501\/revisions"}],"wp:featuredmedia":[{"embeddable":true,"href":"https:\/\/www2.comunitaria.com.br\/en\/wp-json\/wp\/v2\/media\/71502"}],"wp:attachment":[{"href":"https:\/\/www2.comunitaria.com.br\/en\/wp-json\/wp\/v2\/media?parent=71501"}],"wp:term":[{"taxonomy":"category","embeddable":true,"href":"https:\/\/www2.comunitaria.com.br\/en\/wp-json\/wp\/v2\/categories?post=71501"},{"taxonomy":"post_tag","embeddable":true,"href":"https:\/\/www2.comunitaria.com.br\/en\/wp-json\/wp\/v2\/tags?post=71501"}],"curies":[{"name":"wp","href":"https:\/\/api.w.org\/{rel}","templated":true}]}}