{"id":71443,"date":"2026-01-20T10:25:29","date_gmt":"2026-01-20T12:25:29","guid":{"rendered":"https:\/\/www2.comunitaria.com.br\/?p=71443"},"modified":"2026-01-20T10:25:29","modified_gmt":"2026-01-20T12:25:29","slug":"policia-civil-faz-operacao-no-rs-para-combater-casos-de-violencia-domestica","status":"publish","type":"post","link":"https:\/\/www2.comunitaria.com.br\/en\/policia-civil-faz-operacao-no-rs-para-combater-casos-de-violencia-domestica\/","title":{"rendered":"Pol\u00edcia Civil faz opera\u00e7\u00e3o no RS para combater casos de viol\u00eancia dom\u00e9stica"},"content":{"rendered":"<p>Foco da a\u00e7\u00e3o realizada nesta ter\u00e7a-feira \u00e9 a apreens\u00e3o de armas de fogo e pris\u00e3o de agressores<\/p>\n<p>O Departamento de Prote\u00e7\u00e3o a Grupos Vulner\u00e1veis (DPGV) da Pol\u00edcia Civil iniciou, na manh\u00e3 desta ter\u00e7a-feira (20), a&nbsp;Opera\u00e7\u00e3o Ano Novo, Vida Nova. A a\u00e7\u00e3o ocorre em todo o Rio Grande do Sul e tem como foco combater&nbsp;casos de viol\u00eancia contra a mulher.<\/p>\n<div class=\"article-paragraph\">\n<p>Segundo o delegado Juliano Ferreira, diretor do DPGV, s\u00e3o cumpridos mandados de busca e apreens\u00e3o, com foco na busca de armas de fogo, que podem elevar o risco \u00e0s v\u00edtimas em casos de viol\u00eancia dom\u00e9stica. Tamb\u00e9m s\u00e3o realizadas buscas a agressores, que est\u00e3o com mandado de pris\u00e3o decretado pela Justi\u00e7a.<\/p>\n<\/div>\n<div class=\"article-paragraph\">\n<p>A opera\u00e7\u00e3o tem ainda como objetivo&nbsp;verificar den\u00fancias de casos envolvendo viol\u00eancia dom\u00e9stica.<\/p>\n<\/div>\n<div class=\"article-paragraph\">\n<p>\u2014 Essa opera\u00e7\u00e3o tem como objetivo a&nbsp;repress\u00e3o aos crimes de feminic\u00eddios, &nbsp;que \u00e9 o grande desafio hoje dos \u00f3rg\u00e3os de seguran\u00e7a p\u00fablica. E, em todo o Estado, cumprimos nas pr\u00f3ximas 24 horas mais de duas dezenas de mandados de busca e de pris\u00e3o, com o foco na agress\u00e3o das mulheres \u2014 disse o delegado.&nbsp;<\/p>\n<p>Em Porto Alegre, conforme a pol\u00edcia, est\u00e3o envolvidos cerca de cem policiais na opera\u00e7\u00e3o. A a\u00e7\u00e3o se estende at\u00e9 esta quarta-feira (21), quando devem ser divulgados os resultados completos.<\/p>\n<p><em>Fonte: GZH<\/em><\/p>\n<\/div>","protected":false},"excerpt":{"rendered":"<p>Foco da a\u00e7\u00e3o realizada nesta ter\u00e7a-feira \u00e9 a apreens\u00e3o de armas de fogo e pris\u00e3o de agressores O Departamento de Prote\u00e7\u00e3o a Grupos Vulner\u00e1veis (DPGV) da Pol\u00edcia Civil iniciou, na&#8230;<\/p>","protected":false},"author":2,"featured_media":71444,"comment_status":"closed","ping_status":"closed","sticky":false,"template":"","format":"standard","meta":{"ngg_post_thumbnail":0,"footnotes":""},"categories":[28,33,43],"tags":[],"class_list":["post-71443","post","type-post","status-publish","format-standard","has-post-thumbnail","hentry","category-destaque","category-noticias","category-regiao"],"amp_enabled":true,"_links":{"self":[{"href":"https:\/\/www2.comunitaria.com.br\/en\/wp-json\/wp\/v2\/posts\/71443","targetHints":{"allow":["GET"]}}],"collection":[{"href":"https:\/\/www2.comunitaria.com.br\/en\/wp-json\/wp\/v2\/posts"}],"about":[{"href":"https:\/\/www2.comunitaria.com.br\/en\/wp-json\/wp\/v2\/types\/post"}],"author":[{"embeddable":true,"href":"https:\/\/www2.comunitaria.com.br\/en\/wp-json\/wp\/v2\/users\/2"}],"replies":[{"embeddable":true,"href":"https:\/\/www2.comunitaria.com.br\/en\/wp-json\/wp\/v2\/comments?post=71443"}],"version-history":[{"count":0,"href":"https:\/\/www2.comunitaria.com.br\/en\/wp-json\/wp\/v2\/posts\/71443\/revisions"}],"wp:featuredmedia":[{"embeddable":true,"href":"https:\/\/www2.comunitaria.com.br\/en\/wp-json\/wp\/v2\/media\/71444"}],"wp:attachment":[{"href":"https:\/\/www2.comunitaria.com.br\/en\/wp-json\/wp\/v2\/media?parent=71443"}],"wp:term":[{"taxonomy":"category","embeddable":true,"href":"https:\/\/www2.comunitaria.com.br\/en\/wp-json\/wp\/v2\/categories?post=71443"},{"taxonomy":"post_tag","embeddable":true,"href":"https:\/\/www2.comunitaria.com.br\/en\/wp-json\/wp\/v2\/tags?post=71443"}],"curies":[{"name":"wp","href":"https:\/\/api.w.org\/{rel}","templated":true}]}}