{"id":71428,"date":"2026-01-19T11:51:10","date_gmt":"2026-01-19T13:51:10","guid":{"rendered":"https:\/\/www2.comunitaria.com.br\/?p=71428"},"modified":"2026-01-19T11:53:47","modified_gmt":"2026-01-19T13:53:47","slug":"adolescente-e-apreendido-apos-perseguicao-com-moto-adulterada-em-tapejara","status":"publish","type":"post","link":"https:\/\/www2.comunitaria.com.br\/en\/adolescente-e-apreendido-apos-perseguicao-com-moto-adulterada-em-tapejara\/","title":{"rendered":"Adolescente \u00e9 apreendido ap\u00f3s persegui\u00e7\u00e3o com moto adulterada em Tapejara"},"content":{"rendered":"<p><em>Jovem resistiu \u00e0 abordagem da Brigada Militar e caiu em valeta no norte do Estado. Condutor da motocicleta conseguiu fugir<\/em><\/p>\n<div class=\"article-paragraph\">\n<p>Um&nbsp;adolescente foi apreendido pela Brigada Militar (BM) em Tapejara, no norte do Estado, na madrugada de domingo (18). A a\u00e7\u00e3o ocorreu ap\u00f3s uma persegui\u00e7\u00e3o que terminou com a descoberta de uma motocicleta com identifica\u00e7\u00e3o adulterada. O jovem responder\u00e1 por resist\u00eancia e desobedi\u00eancia.<\/p>\n<\/div>\n<div class=\"article-paragraph\">\n<p>Durante patrulhamento ostensivo na cidade, policiais militares avistaram uma motocicleta que trafegava em alta velocidade, com as&nbsp;luzes apagadas e sem espelhos retrovisores. Diante da suspeita, foi dada ordem de parada com sinais luminosos e sonoros, mas o condutor n\u00e3o obedeceu, iniciando um acompanhamento de aproximadamente tr\u00eas quil\u00f4metros.<\/p>\n<div class=\"article-paragraph\">\n<p>O condutor do ve\u00edculo perdeu o controle,&nbsp;invadiu uma resid\u00eancia e caiu em uma valeta. Os dois ocupantes da moto se separaram: o motorista fugiu para uma \u00e1rea de mata fechada e n\u00e3o foi localizado, enquanto o passageiro, um adolescente, foi apreendido pelos policiais.<\/p>\n<\/div>\n<div class=\"article-paragraph\">\n<p>Em verifica\u00e7\u00e3o nos sistemas, a Brigada Militar constatou que a motocicleta apresentava incompatibilidade entre a placa e suas caracter\u00edsticas, al\u00e9m de ter registro de &#8220;baixa&#8221;, o que configura adultera\u00e7\u00e3o do sinal identificador do ve\u00edculo.<\/p>\n<\/div>\n<div class=\"article-paragraph\">\n<p>O adolescente foi levado para atendimento m\u00e9dico e, em seguida, encaminhado \u00e0 Delegacia de Pol\u00edcia de Passo Fundo para o registro da ocorr\u00eancia, acompanhado de sua respons\u00e1vel legal. A moto foi removida para um dep\u00f3sito credenciado.<\/p>\n<p><em>Fonte: GZH<\/em><\/p>\n<\/div>\n<\/div>","protected":false},"excerpt":{"rendered":"<p>Jovem resistiu \u00e0 abordagem da Brigada Militar e caiu em valeta no norte do Estado. Condutor da motocicleta conseguiu fugir Um&nbsp;adolescente foi apreendido pela Brigada Militar (BM) em Tapejara, no&#8230;<\/p>","protected":false},"author":2,"featured_media":71430,"comment_status":"closed","ping_status":"closed","sticky":false,"template":"","format":"standard","meta":{"ngg_post_thumbnail":0,"footnotes":""},"categories":[28,33,43],"tags":[],"class_list":["post-71428","post","type-post","status-publish","format-standard","has-post-thumbnail","hentry","category-destaque","category-noticias","category-regiao"],"amp_enabled":true,"_links":{"self":[{"href":"https:\/\/www2.comunitaria.com.br\/en\/wp-json\/wp\/v2\/posts\/71428","targetHints":{"allow":["GET"]}}],"collection":[{"href":"https:\/\/www2.comunitaria.com.br\/en\/wp-json\/wp\/v2\/posts"}],"about":[{"href":"https:\/\/www2.comunitaria.com.br\/en\/wp-json\/wp\/v2\/types\/post"}],"author":[{"embeddable":true,"href":"https:\/\/www2.comunitaria.com.br\/en\/wp-json\/wp\/v2\/users\/2"}],"replies":[{"embeddable":true,"href":"https:\/\/www2.comunitaria.com.br\/en\/wp-json\/wp\/v2\/comments?post=71428"}],"version-history":[{"count":0,"href":"https:\/\/www2.comunitaria.com.br\/en\/wp-json\/wp\/v2\/posts\/71428\/revisions"}],"wp:featuredmedia":[{"embeddable":true,"href":"https:\/\/www2.comunitaria.com.br\/en\/wp-json\/wp\/v2\/media\/71430"}],"wp:attachment":[{"href":"https:\/\/www2.comunitaria.com.br\/en\/wp-json\/wp\/v2\/media?parent=71428"}],"wp:term":[{"taxonomy":"category","embeddable":true,"href":"https:\/\/www2.comunitaria.com.br\/en\/wp-json\/wp\/v2\/categories?post=71428"},{"taxonomy":"post_tag","embeddable":true,"href":"https:\/\/www2.comunitaria.com.br\/en\/wp-json\/wp\/v2\/tags?post=71428"}],"curies":[{"name":"wp","href":"https:\/\/api.w.org\/{rel}","templated":true}]}}