{"id":71339,"date":"2026-01-07T10:20:21","date_gmt":"2026-01-07T12:20:21","guid":{"rendered":"https:\/\/www2.comunitaria.com.br\/?p=71339"},"modified":"2026-01-07T10:20:21","modified_gmt":"2026-01-07T12:20:21","slug":"cassio-adriano-zatti-e-o-novo-secretario-de-saude-de-fw","status":"publish","type":"post","link":"https:\/\/www2.comunitaria.com.br\/en\/cassio-adriano-zatti-e-o-novo-secretario-de-saude-de-fw\/","title":{"rendered":"Cassio Adriano Zatti \u00e9 o novo secret\u00e1rio de sa\u00fade de FW"},"content":{"rendered":"<p>Na manh\u00e3 desta ter\u00e7a-feira, 6 de janeiro, o prefeito Orlando Girardi reuniu seu secretariado para alinhar as a\u00e7\u00f5es e prioridades do in\u00edcio de 2026. O encontro marcou o primeiro momento de planejamento coletivo do ano e refor\u00e7ou o compromisso da administra\u00e7\u00e3o municipal com a efici\u00eancia na gest\u00e3o p\u00fablica e o aprimoramento dos servi\u00e7os oferecidos \u00e0 popula\u00e7\u00e3o.<br \/>\nDurante a reuni\u00e3o, o prefeito destacou o car\u00e1ter desafiador de 2025, ressaltando, contudo, que o poder p\u00fablico segue firme, amparado pelo empenho e pela colabora\u00e7\u00e3o de cada secret\u00e1rio municipal. \u201cTivemos um ano de muito trabalho e supera\u00e7\u00e3o. Agora, com uni\u00e3o e comprometimento, temos condi\u00e7\u00f5es de fazer de 2026 um per\u00edodo ainda melhor para nossa cidade\u201d, afirmou Girardi.<br \/>\nNo encontro, o prefeito apresentou oficialmente o novo Secret\u00e1rio Municipal da Sa\u00fade, Cassio Adriano Zatti, que passa a comandar a pasta. Girardi agradeceu tamb\u00e9m \u00e0 Secret\u00e1ria interina, Luciana Natali Postringer, que esteve \u00e0 frente da secretaria nos \u00faltimos 20 dias, destacando sua dedica\u00e7\u00e3o e compet\u00eancia durante o per\u00edodo de transi\u00e7\u00e3o.<br \/>\nPerfil do novo secret\u00e1rio<br \/>\nCassio Adriano Zatti possui ampla forma\u00e7\u00e3o e experi\u00eancia na \u00e1rea da sa\u00fade. \u00c9 graduado em Enfermagem com \u00canfase em Sa\u00fade P\u00fablica pela Universidade do Estado de Santa Catarina (UDESC) e p\u00f3s-graduado em Enfermagem do Trabalho pela Faculdade Jangada. Tamb\u00e9m \u00e9 especialista em Auditoria em Servi\u00e7os de Sa\u00fade pelo Centro Sul Brasileiro de Pesquisa, Extens\u00e3o e P\u00f3s-gradua\u00e7\u00e3o (CENSUPEG) e em Enfermagem em Cuidado Pr\u00e9-Natal pela Universidade Federal de S\u00e3o Paulo (UNIFESP).<br \/>\nZatti ainda possui p\u00f3s-gradua\u00e7\u00e3o em Gest\u00e3o em Enfermagem pela UNIFESP, \u00e9 mestre em Sa\u00fade e Ruralidade pela Universidade Federal de Santa Maria (UFSM) e atualmente \u00e9 doutorando em Enfermagem pela mesma institui\u00e7\u00e3o.<br \/>\nEm sua trajet\u00f3ria profissional, atuou como enfermeiro assistencial e respons\u00e1vel t\u00e9cnico no Hospital Nossa Senhora Auxiliadora, enfermeiro do trabalho na JBS Foods e na Masterplan Especialista em Seguran\u00e7a, Higiene e Medicina Ocupacional, al\u00e9m de exercer a fun\u00e7\u00e3o de enfermeiro auditor no Hospital Pio XII. Zatti tamb\u00e9m \u00e9 membro do GETESSMA \u2013 Grupo de Estudos em Trabalho, Enfermagem, Sa\u00fade, Seguran\u00e7a e Meio Ambiente, e integrante de corpos editoriais de revistas cient\u00edficas da \u00e1rea da sa\u00fade.<br \/>\nCom um perfil t\u00e9cnico e acad\u00eamico robusto, o novo secret\u00e1rio chega \u00e0 gest\u00e3o municipal com a miss\u00e3o de fortalecer as pol\u00edticas p\u00fablicas de sa\u00fade e ampliar o acesso da popula\u00e7\u00e3o aos servi\u00e7os oferecidos pela rede municipal.<\/p>","protected":false},"excerpt":{"rendered":"<p>Na manh\u00e3 desta ter\u00e7a-feira, 6 de janeiro, o prefeito Orlando Girardi reuniu seu secretariado para alinhar as a\u00e7\u00f5es e prioridades do in\u00edcio de 2026. O encontro marcou o primeiro momento&#8230;<\/p>","protected":false},"author":2,"featured_media":71340,"comment_status":"closed","ping_status":"closed","sticky":false,"template":"","format":"standard","meta":{"ngg_post_thumbnail":0,"footnotes":""},"categories":[42,28,33],"tags":[],"class_list":["post-71339","post","type-post","status-publish","format-standard","has-post-thumbnail","hentry","category-fred-west","category-destaque","category-noticias"],"amp_enabled":true,"_links":{"self":[{"href":"https:\/\/www2.comunitaria.com.br\/en\/wp-json\/wp\/v2\/posts\/71339","targetHints":{"allow":["GET"]}}],"collection":[{"href":"https:\/\/www2.comunitaria.com.br\/en\/wp-json\/wp\/v2\/posts"}],"about":[{"href":"https:\/\/www2.comunitaria.com.br\/en\/wp-json\/wp\/v2\/types\/post"}],"author":[{"embeddable":true,"href":"https:\/\/www2.comunitaria.com.br\/en\/wp-json\/wp\/v2\/users\/2"}],"replies":[{"embeddable":true,"href":"https:\/\/www2.comunitaria.com.br\/en\/wp-json\/wp\/v2\/comments?post=71339"}],"version-history":[{"count":0,"href":"https:\/\/www2.comunitaria.com.br\/en\/wp-json\/wp\/v2\/posts\/71339\/revisions"}],"wp:featuredmedia":[{"embeddable":true,"href":"https:\/\/www2.comunitaria.com.br\/en\/wp-json\/wp\/v2\/media\/71340"}],"wp:attachment":[{"href":"https:\/\/www2.comunitaria.com.br\/en\/wp-json\/wp\/v2\/media?parent=71339"}],"wp:term":[{"taxonomy":"category","embeddable":true,"href":"https:\/\/www2.comunitaria.com.br\/en\/wp-json\/wp\/v2\/categories?post=71339"},{"taxonomy":"post_tag","embeddable":true,"href":"https:\/\/www2.comunitaria.com.br\/en\/wp-json\/wp\/v2\/tags?post=71339"}],"curies":[{"name":"wp","href":"https:\/\/api.w.org\/{rel}","templated":true}]}}