{"id":71329,"date":"2026-01-05T10:51:53","date_gmt":"2026-01-05T12:51:53","guid":{"rendered":"https:\/\/www2.comunitaria.com.br\/?p=71329"},"modified":"2026-01-05T10:51:53","modified_gmt":"2026-01-05T12:51:53","slug":"mais-de-100-mulheres-podem-ter-sido-vitimas-de-fotografo-gaucho-preso-por-divulgar-imagens-intimas-sem-consentimento","status":"publish","type":"post","link":"https:\/\/www2.comunitaria.com.br\/en\/mais-de-100-mulheres-podem-ter-sido-vitimas-de-fotografo-gaucho-preso-por-divulgar-imagens-intimas-sem-consentimento\/","title":{"rendered":"Mais de 100 mulheres podem ter sido v\u00edtimas de fot\u00f3grafo ga\u00facho preso por divulgar imagens \u00edntimas sem consentimento"},"content":{"rendered":"<p><em>Investiga\u00e7\u00e3o aponta que suspeito publicava fotos em plataforma adulta e 20 v\u00edtimas j\u00e1 foram identificadas no Rio Grande do Sul<\/em><\/p>\n<p>A&nbsp;Pol\u00edcia Civil&nbsp;prendeu preventivamente um fot\u00f3grafo ga\u00facho, de 27 anos, suspeito de divulgar e comercializar imagens \u00edntimas de mulheres sem consentimento. A a\u00e7\u00e3o ocorreu na tarde de s\u00e1bado (3), durante a Opera\u00e7\u00e3o Imagem Protegida, deflagrada pela 1\u00aa Delegacia Especializada no Atendimento \u00e0 Mulher (1\u00aa DEAM), no bairro Petr\u00f3polis, em&nbsp;Porto Alegre.<\/p>\n<div id=\"_ppads_outstream_intext\" data-premium=\"\" data-adunit=\"CORREIO_DO_POVO_INTEXT_01\" data-sizes-mobile=\"[[336,280],[300,250]]\" data-sizes-desktop=\"[[336,280],[320,320],[300,300],[300,250]]\" data-type=\"intext\" data-count=\"1\" data-fetch=\"true\" data-google-query-id=\"CNeS3eK29JEDFV0eHgAdxIEdkg\">\n<div class=\"pp-mgid\">\n<div data-type=\"_mgwidget\" data-widget-id=\"1848113\" data-uid=\"15de0\">\n<div id=\"mgw1848113_15de0\">\n<div>\n<div class=\"mgbox\" data-template-type=\"container\">\n<div id=\"5111d8f1-ea34-11f0-ba2d-d404e6f98490\" class=\"mgline teaser-23614081 type-w\" data-i=\"U_NttYdnUIC_Q2e2RXJD4AmEueDHcmXTVs_uL5RKRE0UsWUV_6n-KWuSn7UvrrnILOrFlR7QqZ66VKQm8-gBL9Tt_u8rB4y4vlbRn3fuWwawGSaxvbg3Gbp5gJYONv2S\" data-observing-start=\"1767617286819\" data-observing-time=\"1876\" data-showed=\"1\">\n<div class=\"image-with-text\">\n<div class=\"mcimg\">\n<p>Al\u00e9m da pris\u00e3o, os policiais civis cumpriram mandado de busca e apreens\u00e3o, recolhendo aparelhos eletr\u00f4nicos do investigado, que agora ser\u00e3o submetidos \u00e0 per\u00edcia t\u00e9cnica. O material dever\u00e1 auxiliar no aprofundamento das investiga\u00e7\u00f5es e na identifica\u00e7\u00e3o de poss\u00edveis novas v\u00edtimas.<\/p>\n<p>De acordo com a Pol\u00edcia Civil, o suspeito se valia de sua atua\u00e7\u00e3o profissional como fot\u00f3grafo para atrair mulheres interessadas em ensaios fotogr\u00e1ficos. Durante as sess\u00f5es, ele as convencia a realizar fotos sensuais e com cenas de nudez. Posteriormente, sem autoriza\u00e7\u00e3o, as imagens eram publicadas e colocadas \u00e0 venda em uma plataforma paga de conte\u00fado adulto.<\/p>\n<p>Segundo a delegada Tha\u00eds Dequech, que coordena a investiga\u00e7\u00e3o, inicialmente tr\u00eas mulheres registraram ocorr\u00eancia. No entanto, o avan\u00e7o das apura\u00e7\u00f5es revelou um cen\u00e1rio mais amplo. \u201cAs v\u00edtimas contrataram ensaio fotogr\u00e1fico com ele. E durante o ensaio eram convencidas por ele a fazer fotos mais sensuais e com cenas de nudez. Depois, sem a autoriza\u00e7\u00e3o das v\u00edtimas, ele publicou em plataforma de conte\u00fado adulto paga\u201d, explicou.<\/p>\n<p>Ainda conforme a delegada, h\u00e1 ind\u00edcios de que o n\u00famero de v\u00edtimas possa ultrapassar a marca de 100 em todo o pa\u00eds. \u201cInicialmente tr\u00eas v\u00edtimas procuraram a pol\u00edcia, mas, a partir das informa\u00e7\u00f5es prestadas, verificamos a possibilidade de mais de 100 v\u00edtimas no Brasil, sendo pelo menos 20 j\u00e1 identificadas no&nbsp;Rio Grande do Sul\u201d, detalhou.<\/p>\n<p>O investigado \u00e9 ga\u00facho, mas, conforme a pol\u00edcia, estava residindo em Salvador, onde estudava. Ele teria retornado ao Estado no fim do ano para visitar familiares, per\u00edodo em que acabou preso.<\/p>\n<p>As investiga\u00e7\u00f5es seguem em andamento na 1\u00aa DEAM. A Pol\u00edcia Civil aguarda a conclus\u00e3o da per\u00edcia nos equipamentos eletr\u00f4nicos apreendidos, o que pode confirmar a exist\u00eancia de novos crimes e ampliar o n\u00famero de v\u00edtimas.<\/p>\n<p><em>Fonte: CP<\/em><\/p>\n<\/div>\n<\/div>\n<\/div>\n<\/div>\n<\/div>\n<\/div>\n<\/div>\n<\/div>\n<\/div>\n","protected":false},"excerpt":{"rendered":"<p>Investiga\u00e7\u00e3o aponta que suspeito publicava fotos em plataforma adulta e 20 v\u00edtimas j\u00e1 foram identificadas no Rio Grande do Sul A&nbsp;Pol\u00edcia Civil&nbsp;prendeu preventivamente um fot\u00f3grafo ga\u00facho, de 27 anos, suspeito&#8230;<\/p>","protected":false},"author":2,"featured_media":71330,"comment_status":"closed","ping_status":"closed","sticky":false,"template":"","format":"standard","meta":{"ngg_post_thumbnail":0,"footnotes":""},"categories":[28,33],"tags":[],"class_list":["post-71329","post","type-post","status-publish","format-standard","has-post-thumbnail","hentry","category-destaque","category-noticias"],"amp_enabled":true,"_links":{"self":[{"href":"https:\/\/www2.comunitaria.com.br\/en\/wp-json\/wp\/v2\/posts\/71329","targetHints":{"allow":["GET"]}}],"collection":[{"href":"https:\/\/www2.comunitaria.com.br\/en\/wp-json\/wp\/v2\/posts"}],"about":[{"href":"https:\/\/www2.comunitaria.com.br\/en\/wp-json\/wp\/v2\/types\/post"}],"author":[{"embeddable":true,"href":"https:\/\/www2.comunitaria.com.br\/en\/wp-json\/wp\/v2\/users\/2"}],"replies":[{"embeddable":true,"href":"https:\/\/www2.comunitaria.com.br\/en\/wp-json\/wp\/v2\/comments?post=71329"}],"version-history":[{"count":0,"href":"https:\/\/www2.comunitaria.com.br\/en\/wp-json\/wp\/v2\/posts\/71329\/revisions"}],"wp:featuredmedia":[{"embeddable":true,"href":"https:\/\/www2.comunitaria.com.br\/en\/wp-json\/wp\/v2\/media\/71330"}],"wp:attachment":[{"href":"https:\/\/www2.comunitaria.com.br\/en\/wp-json\/wp\/v2\/media?parent=71329"}],"wp:term":[{"taxonomy":"category","embeddable":true,"href":"https:\/\/www2.comunitaria.com.br\/en\/wp-json\/wp\/v2\/categories?post=71329"},{"taxonomy":"post_tag","embeddable":true,"href":"https:\/\/www2.comunitaria.com.br\/en\/wp-json\/wp\/v2\/tags?post=71329"}],"curies":[{"name":"wp","href":"https:\/\/api.w.org\/{rel}","templated":true}]}}