{"id":71305,"date":"2025-12-31T10:30:07","date_gmt":"2025-12-31T12:30:07","guid":{"rendered":"https:\/\/www2.comunitaria.com.br\/?p=71305"},"modified":"2025-12-31T10:30:07","modified_gmt":"2025-12-31T12:30:07","slug":"retrospectiva-2025","status":"publish","type":"post","link":"https:\/\/www2.comunitaria.com.br\/en\/retrospectiva-2025\/","title":{"rendered":"Retrospectiva 2025"},"content":{"rendered":"<p><em>O ano de 2025 teve entre seus fatos mais marcantes mudan\u00e7as hist\u00f3ricas no Vaticano, um Oscar in\u00e9dito para o Brasil, um julgamento in\u00e9dito de militares e um ex-presidente no STF, tens\u00e3o internacional e confrontos com o crime organizado.<\/em><\/p>\n<div id=\"chunk-gmmi\">\n<div class=\"mc-column content-text active-extra-styles\" data-block-type=\"raw\" data-block-weight=\"5\" data-block-id=\"6\">\n<div class=\"content-intertitle\">\n<h2>Donald Trump voltou ao poder<\/h2>\n<\/div>\n<\/div>\n<\/div>\n<div id=\"chunk-1ogsq\">\n<div class=\"mc-column content-text active-extra-styles\" data-block-type=\"unstyled\" data-block-weight=\"40\" data-block-id=\"7\">\n<p class=\"content-text__container\" data-track-category=\"Link no Texto\" data-track-links=\"\" data-mrf-recirculation=\"Mat\u00e9ria - Links no Texto\">Donald Trump voltou \u00e0 Presid\u00eancia dos EUA&nbsp;com uma agenda de confronto. Logo no in\u00edcio do mandato, retirou mais uma vez o pa\u00eds do Acordo de Paris, revogou decretos do governo Joe Biden e&nbsp;imp\u00f4s tarifas a parceiros comerciais.<\/p>\n<p data-track-category=\"Link no Texto\" data-track-links=\"\" data-mrf-recirculation=\"Mat\u00e9ria - Links no Texto\">Ao Brasil, por exemplo, Trump aplicou sobretaxa de 50% a centenas de produtos de exporta\u00e7\u00e3o . Segundo a C\u00e2mara Americana de Com\u00e9rcio para o Brasil (Amcham Brasil), a tarifa inicial tinha potencial de afetar quase 10 mil empresas brasileiras que exportam para o governo norte-americano.<\/p>\n<div id=\"chunk-88o9o\">\n<div class=\"mc-column content-text active-extra-styles\" data-block-type=\"raw\" data-block-weight=\"7\" data-block-id=\"18\">\n<div class=\"content-intertitle\">\n<h2>Julgamento in\u00e9dito de um ex-presidente e militares<\/h2>\n<\/div>\n<\/div>\n<\/div>\n<div id=\"chunk-ds9ks\">\n<div class=\"mc-column content-text active-extra-styles\" data-block-type=\"unstyled\" data-block-weight=\"22\" data-block-id=\"19\">\n<p class=\"content-text__container\" data-track-category=\"Link no Texto\" data-track-links=\"\" data-mrf-recirculation=\"Mat\u00e9ria - Links no Texto\">Num julgamento hist\u00f3rico no Supremo Tribunal Federal, o ex-presidente&nbsp;Jair Bolsonaro e militares s\u00e3o condenados e presos por tentativa de golpe.<\/p>\n<\/div>\n<\/div>\n<div id=\"chunk-eh7vg\">\n<div class=\"row medium-uncollapsed content-media content-photo\" data-block-type=\"backstage-photo\" data-block-id=\"20\">\n<div class=\"mc-column  content-media__container\">\n<div class=\"content-media-container glb-skeleton-box\">\n<div id=\"chunk-eflin\">\n<div class=\"mc-column content-text active-extra-styles\" data-block-type=\"raw\" data-block-weight=\"5\" data-block-id=\"27\">\n<div class=\"content-intertitle\">\n<h2>Desafios contra o crime organizado<\/h2>\n<\/div>\n<\/div>\n<\/div>\n<div id=\"chunk-btnnh\">\n<div class=\"mc-column content-text active-extra-styles\" data-block-type=\"unstyled\" data-block-weight=\"33\" data-block-id=\"28\">\n<p class=\"content-text__container\" data-track-category=\"Link no Texto\" data-track-links=\"\" data-mrf-recirculation=\"Mat\u00e9ria - Links no Texto\">Uma megaopera\u00e7\u00e3o na Penha e no Complexo do Alem\u00e3o, no Rio de Janeiro, tornou-se uma das mais letais da hist\u00f3ria do estado. Corpos foram encontrados em \u00e1reas de mata ap\u00f3s a a\u00e7\u00e3o policial.<\/p>\n<div id=\"chunk-9lo1n\">\n<div class=\"mc-column content-text active-extra-styles\" data-block-type=\"raw\" data-block-weight=\"3\" data-block-id=\"35\">\n<div class=\"content-intertitle\">\n<h2>Sa\u00fade dos brasileiros<\/h2>\n<\/div>\n<p>Casos de&nbsp;intoxica\u00e7\u00e3o por metanol&nbsp;colocaram autoridades em alerta. Bebidas adulteradas provocaram mortes e interna\u00e7\u00f5es.<\/p>\n<\/div>\n<\/div>\n<div id=\"chunk-1jj2\">\n<div class=\"row medium-uncollapsed content-media content-photo\" data-block-type=\"backstage-photo\" data-block-id=\"37\">\n<div class=\"mc-column  content-media__container\">\n<div class=\"content-media-container glb-skeleton-box\">\n<div id=\"chunk-e0ult\">\n<div class=\"mc-column content-text active-extra-styles\" data-block-type=\"raw\" data-block-weight=\"4\" data-block-id=\"44\">\n<div class=\"content-intertitle\">\n<h2>Meio ambiente e COP30<\/h2>\n<\/div>\n<\/div>\n<\/div>\n<div id=\"chunk-e7d7a\">\n<div class=\"mc-column content-text active-extra-styles\" data-block-type=\"unstyled\" data-block-weight=\"31\" data-block-id=\"45\">\n<p class=\"content-text__container\" data-track-category=\"Link no Texto\" data-track-links=\"\" data-mrf-recirculation=\"Mat\u00e9ria - Links no Texto\">A COP30, realizada em Bel\u00e9m, terminou sem um plano claro para temas considerados cruciais, como a substitui\u00e7\u00e3o dos combust\u00edveis f\u00f3sseis.&nbsp;Mas apresentou avan\u00e7os no financiamento para a adapta\u00e7\u00e3o ao clima extremo.<\/p>\n<\/div>\n<\/div>\n<div id=\"chunk-9d0ej\">\n<div class=\"row medium-uncollapsed content-media content-photo\" data-block-type=\"backstage-photo\" data-block-id=\"46\">\n<div class=\"mc-column  content-media__container\">\n<div class=\"content-media-container glb-skeleton-box\">\n<div id=\"chunk-bi1o1\">\n<div class=\"mc-column content-text active-extra-styles\" data-block-type=\"raw\" data-block-weight=\"2\" data-block-id=\"47\">\n<div class=\"content-intertitle\">\n<h2>&#8216;Habemus Papam&#8217;<\/h2>\n<\/div>\n<p>A fuma\u00e7a branca que saiu da chamin\u00e9 da Capela Sistina anunciou ao mundo a escolha de um novo papa. O conclave chegou a um consenso e o Vaticano apresentou o novo pont\u00edfice,&nbsp;o Papa Le\u00e3o XIV.<\/p>\n<\/div>\n<\/div>\n<div id=\"chunk-1hcmf\">\n<div class=\"mc-column content-text active-extra-styles\" data-block-type=\"unstyled\" data-block-weight=\"37\" data-block-id=\"48\">\n<div id=\"chunk-73jma\">\n<div class=\"mc-column content-text active-extra-styles\" data-block-type=\"raw\" data-block-weight=\"4\" data-block-id=\"51\">\n<div class=\"content-intertitle\">\n<h2>Guerras e conflitos internacionais<\/h2>\n<\/div>\n<\/div>\n<\/div>\n<div id=\"chunk-fhsu9\">\n<div class=\"mc-column content-text active-extra-styles\" data-block-type=\"unstyled\" data-block-weight=\"65\" data-block-id=\"52\">\n<p class=\"content-text__container\" data-track-category=\"Link no Texto\" data-track-links=\"\" data-mrf-recirculation=\"Mat\u00e9ria - Links no Texto\">O cen\u00e1rio internacional seguiu marcado por guerras e tens\u00f5es diplom\u00e1ticas. No Oriente M\u00e9dio, tentativas de cessar-fogo entre Israel e o Hamas avan\u00e7aram e recuaram ao longo do ano.&nbsp;Israel libertou centenas de prisioneiros palestinos&nbsp;e o Hamas devolveu os ref\u00e9ns de 7 de outubro de 2023 em meio a negocia\u00e7\u00f5es, enquanto a ONU classificou a&nbsp;Faixa de Gaza como a regi\u00e3o mais faminta do mundo.<\/p>\n<div id=\"chunk-6a803\">\n<div class=\"mc-column content-text active-extra-styles\" data-block-type=\"raw\" data-block-weight=\"5\" data-block-id=\"59\">\n<div class=\"content-intertitle\">\n<h2>Premia\u00e7\u00e3o para a cultura brasileira<\/h2>\n<\/div>\n<\/div>\n<\/div>\n<div id=\"chunk-3qije\">\n<div class=\"mc-column content-text active-extra-styles\" data-block-type=\"unstyled\" data-block-weight=\"46\" data-block-id=\"60\">\n<p class=\"content-text__container\" data-track-category=\"Link no Texto\" data-track-links=\"\" data-mrf-recirculation=\"Mat\u00e9ria - Links no Texto\">A cultura brasileira viveu momentos de celebra\u00e7\u00e3o. O pa\u00eds entrou em clima de Copa do Mundo com a trajet\u00f3ria de Fernanda Torres,&nbsp;indicada ao Oscar de Melhor Atriz por &#8220;Ainda Estou Aqui&#8221;. A vit\u00f3ria do filme na premia\u00e7\u00e3o mobilizou o p\u00fablico e marcou um feito hist\u00f3rico.<\/p>\n<\/div>\n<\/div>\n<div id=\"chunk-acbgl\">\n<div class=\"row medium-uncollapsed content-media content-photo\" data-block-type=\"backstage-photo\" data-block-id=\"61\">\n<div class=\"mc-column  content-media__container\">\n<div class=\"content-media-container glb-skeleton-box\">\n<div id=\"chunk-55mqa\">\n<div class=\"mc-column content-text active-extra-styles\" data-block-type=\"unstyled\" data-block-weight=\"35\" data-block-id=\"63\">\n<p class=\"content-text__container\" data-track-category=\"Link no Texto\" data-track-links=\"\" data-mrf-recirculation=\"Mat\u00e9ria - Links no Texto\">O cinema brasileiro tamb\u00e9m brilhou com&nbsp;&#8220;O Agente Secreto&#8221;, que recebeu tr\u00eas indica\u00e7\u00f5es ao Globo de Ouro. Kleber Mendon\u00e7a Filho conquistou o pr\u00eamio de Melhor Diretor em Cannes, e Wagner Moura teve reconhecimento internacional.<\/p>\n<\/div>\n<\/div>\n<div id=\"chunk-9g81r\">\n<div class=\"row medium-uncollapsed content-media content-photo\" data-block-type=\"backstage-photo\" data-block-id=\"64\">\n<div class=\"mc-column  content-media__container\">\n<div class=\"content-media-container glb-skeleton-box\">&nbsp;<\/div>\n<\/div>\n<\/div>\n<\/div>\n<\/div>\n<\/div>\n<\/div>\n<\/div>\n<\/div>\n<\/div>\n<\/div>\n<\/div>\n<\/div>\n<\/div>\n<\/div>\n<\/div>\n<\/div>\n<\/div>\n<\/div>\n<\/div>\n<\/div>\n<\/div>\n<\/div>\n<\/div>\n<\/div>\n<\/div>\n<\/div>\n<\/div>","protected":false},"excerpt":{"rendered":"<p>O ano de 2025 teve entre seus fatos mais marcantes mudan\u00e7as hist\u00f3ricas no Vaticano, um Oscar in\u00e9dito para o Brasil, um julgamento in\u00e9dito de militares e um ex-presidente no STF, tens\u00e3o internacional e confrontos com o crime organizado. Donald Trump voltou ao poder Donald Trump voltou \u00e0 Presid\u00eancia dos EUA&nbsp;com uma agenda de confronto. Logo<\/p>\n<div class=\"read-more-wrapper\"><a class=\"read-more\" href=\"https:\/\/www2.comunitaria.com.br\/en\/retrospectiva-2025\/\" title=\"Read More\"> <span class=\"button\">Read More<\/span><\/a><\/div>","protected":false},"author":2,"featured_media":71306,"comment_status":"closed","ping_status":"closed","sticky":false,"template":"","format":"standard","meta":{"ngg_post_thumbnail":0,"footnotes":""},"categories":[33],"tags":[],"class_list":["post-71305","post","type-post","status-publish","format-standard","has-post-thumbnail","hentry","category-noticias"],"amp_enabled":true,"_links":{"self":[{"href":"https:\/\/www2.comunitaria.com.br\/en\/wp-json\/wp\/v2\/posts\/71305","targetHints":{"allow":["GET"]}}],"collection":[{"href":"https:\/\/www2.comunitaria.com.br\/en\/wp-json\/wp\/v2\/posts"}],"about":[{"href":"https:\/\/www2.comunitaria.com.br\/en\/wp-json\/wp\/v2\/types\/post"}],"author":[{"embeddable":true,"href":"https:\/\/www2.comunitaria.com.br\/en\/wp-json\/wp\/v2\/users\/2"}],"replies":[{"embeddable":true,"href":"https:\/\/www2.comunitaria.com.br\/en\/wp-json\/wp\/v2\/comments?post=71305"}],"version-history":[{"count":0,"href":"https:\/\/www2.comunitaria.com.br\/en\/wp-json\/wp\/v2\/posts\/71305\/revisions"}],"wp:featuredmedia":[{"embeddable":true,"href":"https:\/\/www2.comunitaria.com.br\/en\/wp-json\/wp\/v2\/media\/71306"}],"wp:attachment":[{"href":"https:\/\/www2.comunitaria.com.br\/en\/wp-json\/wp\/v2\/media?parent=71305"}],"wp:term":[{"taxonomy":"category","embeddable":true,"href":"https:\/\/www2.comunitaria.com.br\/en\/wp-json\/wp\/v2\/categories?post=71305"},{"taxonomy":"post_tag","embeddable":true,"href":"https:\/\/www2.comunitaria.com.br\/en\/wp-json\/wp\/v2\/tags?post=71305"}],"curies":[{"name":"wp","href":"https:\/\/api.w.org\/{rel}","templated":true}]}}