{"id":71260,"date":"2025-12-26T09:36:06","date_gmt":"2025-12-26T11:36:06","guid":{"rendered":"https:\/\/www2.comunitaria.com.br\/?p=71260"},"modified":"2025-12-26T09:36:06","modified_gmt":"2025-12-26T11:36:06","slug":"idoso-de-87-anos-morre-apos-ser-derrubado-com-chute-nas-costas-no-rs","status":"publish","type":"post","link":"https:\/\/www2.comunitaria.com.br\/en\/idoso-de-87-anos-morre-apos-ser-derrubado-com-chute-nas-costas-no-rs\/","title":{"rendered":"Idoso de 87 anos morre ap\u00f3s ser derrubado com chute nas costas no RS"},"content":{"rendered":"<p class=\"content-head__subtitle\"><em>Principal linha de investiga\u00e7\u00e3o aponta que a v\u00edtima teria morrido ap\u00f3s cair e bater a cabe\u00e7a.<\/em><\/p>\n<div id=\"chunk-4a71o\">\n<div class=\"mc-column content-text active-extra-styles\" data-block-type=\"unstyled\" data-block-weight=\"21\" data-block-id=\"3\">\n<p class=\"content-text__container\" data-track-category=\"Link no Texto\" data-track-links=\"\" data-mrf-recirculation=\"Mat\u00e9ria - Links no Texto\">Um&nbsp;idoso de 87 anos&nbsp;foi encontrado&nbsp;mortona madrugada de quinta-feira (25) em Pelotas, na Regi\u00e3o Sul do RS.<\/p>\n<\/div>\n<\/div>\n<div class=\"wall protected-content\">\n<div id=\"chunk-2nt4b\">\n<div class=\"mc-column content-text active-extra-styles\" data-block-type=\"unstyled\" data-block-weight=\"35\" data-block-id=\"5\">\n<p class=\"content-text__container\" data-track-category=\"Link no Texto\" data-track-links=\"\" data-mrf-recirculation=\"Mat\u00e9ria - Links no Texto\">De acordo com informa\u00e7\u00f5es da Pol\u00edcia Civil, o idoso teria sido atacado nas costas por um suspeito, que n\u00e3o havia sido localizado.<\/p>\n<p data-track-category=\"Link no Texto\" data-track-links=\"\" data-mrf-recirculation=\"Mat\u00e9ria - Links no Texto\">O momento foi registrado por uma c\u00e2mera de monitoramento. As imagens mostram o idoso caminhando por uma rua. Em seguida, um homem aparece correndo em dire\u00e7\u00e3o a ele. Ao se aproximar,&nbsp;<span class=\"highlight\">o suspeito salta e desfere um chute nas costas da v\u00edtima<\/span>, que&nbsp;cai com o rosto voltado para o ch\u00e3o.<em>&nbsp;<\/em><\/p>\n<div id=\"chunk-d8av8\">\n<div class=\"mc-column content-text active-extra-styles\" data-block-type=\"unstyled\" data-block-weight=\"36\" data-block-id=\"9\">\n<p class=\"content-text__container\" data-track-category=\"Link no Texto\" data-track-links=\"\" data-mrf-recirculation=\"Mat\u00e9ria - Links no Texto\">Ap\u00f3s a agress\u00e3o, o homem deixa o local. O idoso permanece ca\u00eddo no meio da rua por cerca de&nbsp;quatro minutos, at\u00e9 que pessoas que passavam pelo lugar se aproximam e o retiram para a cal\u00e7ada.<\/p>\n<\/div>\n<\/div>\n<div id=\"chunk-dqsgu\">\n<div class=\"mc-column content-text active-extra-styles\" data-block-type=\"unstyled\" data-block-weight=\"17\" data-block-id=\"10\">\n<p class=\"content-text__container\" data-track-category=\"Link no Texto\" data-track-links=\"\" data-mrf-recirculation=\"Mat\u00e9ria - Links no Texto\">A principal linha de investiga\u00e7\u00e3o aponta que&nbsp;<span class=\"highlight highlighted\">o idoso teria morrido ap\u00f3s cair e bater a cabe\u00e7a<\/span>.<\/p>\n<\/div>\n<\/div>\n<div id=\"chunk-252cf\">\n<div class=\"mc-column content-text active-extra-styles\" data-block-type=\"unstyled\" data-block-weight=\"26\" data-block-id=\"11\">\n<p class=\"content-text__container\" data-track-category=\"Link no Texto\" data-track-links=\"\" data-mrf-recirculation=\"Mat\u00e9ria - Links no Texto\">O corpo passou por per\u00edcia e o laudo oficial deve ser divulgado nos pr\u00f3ximos dias. A pol\u00edcia apura as circunst\u00e2ncias e poss\u00edveis motiva\u00e7\u00f5es para o crime.<\/p>\n<p data-track-category=\"Link no Texto\" data-track-links=\"\" data-mrf-recirculation=\"Mat\u00e9ria - Links no Texto\"><em>Fonte: G1<\/em><\/p>\n<\/div>\n<\/div>\n<\/div>\n<\/div>\n<\/div>","protected":false},"excerpt":{"rendered":"<p>Principal linha de investiga\u00e7\u00e3o aponta que a v\u00edtima teria morrido ap\u00f3s cair e bater a cabe\u00e7a. Um&nbsp;idoso de 87 anos&nbsp;foi encontrado&nbsp;mortona madrugada de quinta-feira (25) em Pelotas, na Regi\u00e3o Sul&#8230;<\/p>","protected":false},"author":2,"featured_media":71261,"comment_status":"closed","ping_status":"closed","sticky":false,"template":"","format":"standard","meta":{"ngg_post_thumbnail":0,"footnotes":""},"categories":[28,33],"tags":[],"class_list":["post-71260","post","type-post","status-publish","format-standard","has-post-thumbnail","hentry","category-destaque","category-noticias"],"amp_enabled":true,"_links":{"self":[{"href":"https:\/\/www2.comunitaria.com.br\/en\/wp-json\/wp\/v2\/posts\/71260","targetHints":{"allow":["GET"]}}],"collection":[{"href":"https:\/\/www2.comunitaria.com.br\/en\/wp-json\/wp\/v2\/posts"}],"about":[{"href":"https:\/\/www2.comunitaria.com.br\/en\/wp-json\/wp\/v2\/types\/post"}],"author":[{"embeddable":true,"href":"https:\/\/www2.comunitaria.com.br\/en\/wp-json\/wp\/v2\/users\/2"}],"replies":[{"embeddable":true,"href":"https:\/\/www2.comunitaria.com.br\/en\/wp-json\/wp\/v2\/comments?post=71260"}],"version-history":[{"count":0,"href":"https:\/\/www2.comunitaria.com.br\/en\/wp-json\/wp\/v2\/posts\/71260\/revisions"}],"wp:featuredmedia":[{"embeddable":true,"href":"https:\/\/www2.comunitaria.com.br\/en\/wp-json\/wp\/v2\/media\/71261"}],"wp:attachment":[{"href":"https:\/\/www2.comunitaria.com.br\/en\/wp-json\/wp\/v2\/media?parent=71260"}],"wp:term":[{"taxonomy":"category","embeddable":true,"href":"https:\/\/www2.comunitaria.com.br\/en\/wp-json\/wp\/v2\/categories?post=71260"},{"taxonomy":"post_tag","embeddable":true,"href":"https:\/\/www2.comunitaria.com.br\/en\/wp-json\/wp\/v2\/tags?post=71260"}],"curies":[{"name":"wp","href":"https:\/\/api.w.org\/{rel}","templated":true}]}}