{"id":71209,"date":"2025-12-22T10:04:34","date_gmt":"2025-12-22T12:04:34","guid":{"rendered":"https:\/\/www2.comunitaria.com.br\/?p=71209"},"modified":"2025-12-22T10:04:34","modified_gmt":"2025-12-22T12:04:34","slug":"colisao-frontal-na-ers-569-deixa-tres-feridos-entre-barra-funda-e-sarandi","status":"publish","type":"post","link":"https:\/\/www2.comunitaria.com.br\/en\/colisao-frontal-na-ers-569-deixa-tres-feridos-entre-barra-funda-e-sarandi\/","title":{"rendered":"Colis\u00e3o frontal na ERS-569 deixa tr\u00eas feridos entre Barra Funda e Sarandi"},"content":{"rendered":"<p><em>Acidente ocorreu no km 33, mobilizou equipes de resgate<\/em><\/p>\n<p>Uma colis\u00e3o frontal registrada por volta das 17h15 de domingo (21) deixou tr\u00eas pessoas feridas na ERS-569, no quil\u00f4metro 33, no trecho entre os munic\u00edpios de Barra Funda e Sarandi.<\/p>\n<p>Conforme as informa\u00e7\u00f5es apuradas, um ve\u00edculo Celta, que trafegava no sentido Barra Funda\/Sarandi, invadiu a pista contr\u00e1ria e colidiu frontalmente com um ve\u00edculo Prisma, com placas de Sarandi.&nbsp;<\/p>\n<p>No Prisma, duas v\u00edtimas \u2014 uma mulher e uma crian\u00e7a \u2014 foram socorridas e encaminhadas ao Hospital de Sarandi. J\u00e1 no Celta, o condutor ficou preso \u00e0s ferragens, sendo necess\u00e1rio o trabalho de desencarceramento para a sua retirada, sendo posteriormente conduzido ao mesmo hospital.<\/p>\n<p>Atenderam a ocorr\u00eancia a Pol\u00edcia Rodovi\u00e1ria Estadual de Palmeira das Miss\u00f5es, a Brigada Militar de Sarandi, o Corpo de Bombeiros Militar de Sarandi, o Servi\u00e7o de Atendimento M\u00f3vel de Urg\u00eancia (SAMU) de Sarandi e a Ambul\u00e2ncia Municipal de Barra Funda.<\/p>\n<p>As circunst\u00e2ncias do acidente ser\u00e3o apuradas.<\/p>","protected":false},"excerpt":{"rendered":"<p>Acidente ocorreu no km 33, mobilizou equipes de resgate Uma colis\u00e3o frontal registrada por volta das 17h15 de domingo (21) deixou tr\u00eas pessoas feridas na ERS-569, no quil\u00f4metro 33, no&#8230;<\/p>","protected":false},"author":2,"featured_media":71210,"comment_status":"closed","ping_status":"closed","sticky":false,"template":"","format":"standard","meta":{"ngg_post_thumbnail":0,"footnotes":""},"categories":[28,33],"tags":[],"class_list":["post-71209","post","type-post","status-publish","format-standard","has-post-thumbnail","hentry","category-destaque","category-noticias"],"amp_enabled":true,"_links":{"self":[{"href":"https:\/\/www2.comunitaria.com.br\/en\/wp-json\/wp\/v2\/posts\/71209","targetHints":{"allow":["GET"]}}],"collection":[{"href":"https:\/\/www2.comunitaria.com.br\/en\/wp-json\/wp\/v2\/posts"}],"about":[{"href":"https:\/\/www2.comunitaria.com.br\/en\/wp-json\/wp\/v2\/types\/post"}],"author":[{"embeddable":true,"href":"https:\/\/www2.comunitaria.com.br\/en\/wp-json\/wp\/v2\/users\/2"}],"replies":[{"embeddable":true,"href":"https:\/\/www2.comunitaria.com.br\/en\/wp-json\/wp\/v2\/comments?post=71209"}],"version-history":[{"count":0,"href":"https:\/\/www2.comunitaria.com.br\/en\/wp-json\/wp\/v2\/posts\/71209\/revisions"}],"wp:featuredmedia":[{"embeddable":true,"href":"https:\/\/www2.comunitaria.com.br\/en\/wp-json\/wp\/v2\/media\/71210"}],"wp:attachment":[{"href":"https:\/\/www2.comunitaria.com.br\/en\/wp-json\/wp\/v2\/media?parent=71209"}],"wp:term":[{"taxonomy":"category","embeddable":true,"href":"https:\/\/www2.comunitaria.com.br\/en\/wp-json\/wp\/v2\/categories?post=71209"},{"taxonomy":"post_tag","embeddable":true,"href":"https:\/\/www2.comunitaria.com.br\/en\/wp-json\/wp\/v2\/tags?post=71209"}],"curies":[{"name":"wp","href":"https:\/\/api.w.org\/{rel}","templated":true}]}}