{"id":71197,"date":"2025-12-19T14:08:41","date_gmt":"2025-12-19T16:08:41","guid":{"rendered":"https:\/\/www2.comunitaria.com.br\/?p=71197"},"modified":"2025-12-19T14:08:41","modified_gmt":"2025-12-19T16:08:41","slug":"9a-festa-da-semente-crioula-ja-tem-data-marcada-14-de-marco-de-2026-em-seberi-rs","status":"publish","type":"post","link":"https:\/\/www2.comunitaria.com.br\/en\/9a-festa-da-semente-crioula-ja-tem-data-marcada-14-de-marco-de-2026-em-seberi-rs\/","title":{"rendered":"9\u00aa Festa da Semente Crioula j\u00e1 tem data marcada: 14 de mar\u00e7o de 2026, em Seberi RS"},"content":{"rendered":"<p class=\"elementor-heading-title elementor-size-default\"><em>Evento se tornou uma das mais importantes celebra\u00e7\u00f5es da cultura camponesa no Sul do pa\u00eds<\/em><\/p>\n<p>A preserva\u00e7\u00e3o das sementes que carregam hist\u00f3rias, territ\u00f3rios e resist\u00eancias volta ao centro das celebra\u00e7\u00f5es em Seberi, no interior do Rio Grande do Sul. No dia 14 de mar\u00e7o de 2026, ocorre a 9\u00aa Festa da Semente Crioula e a 4\u00aa Feira da Economia Solid\u00e1ria, um encontro que valoriza saberes populares, autonomia alimentar e a constru\u00e7\u00e3o de novos modelos econ\u00f4micos sustent\u00e1veis.<\/p>\n<p>&nbsp;evento ser\u00e1 realizado na sede da Cooperbio, na Linha Tesoura, a 2 km da BR-386, com in\u00edcio previsto para as 8h30. A programa\u00e7\u00e3o integra festejos, troca de sementes, apresenta\u00e7\u00f5es culturais e a degusta\u00e7\u00e3o de del\u00edcias camponesas, refor\u00e7ando a import\u00e2ncia da agricultura familiar para a seguran\u00e7a alimentar e para a diversidade que alimenta o planeta.<\/p>\n<p>A celebra\u00e7\u00e3o \u00e9 organizada pelo&nbsp;Movimento dos Pequenos Agricultores (MPA)&nbsp;e por entidades parceiras, refor\u00e7ando que as&nbsp;sementes crioulas&nbsp;s\u00e3o patrim\u00f4nio dos povos e um legado para as gera\u00e7\u00f5es futuras. J\u00e1 a Feira da&nbsp;Economia Solid\u00e1ria destaca iniciativas que constroem alternativas econ\u00f4micas baseadas na coopera\u00e7\u00e3o, na sustentabilidade e na transforma\u00e7\u00e3o social.<\/p>\n<p>No dia 13 de mar\u00e7o, dia anterior \u00e0 festa, ser\u00e1 realizado o 2\u00ba Dia de Campo das Sementes Crioulas, tamb\u00e9m na sede da Cooperbio, atividade que integra a programa\u00e7\u00e3o do evento. \u201c\u00c9 um momento para reuni\u00e3o dos guardi\u00f5es de sementes crioulas da regi\u00e3o e do estado para troca e dissemina\u00e7\u00e3o de conhecimentos sobre o manejo da nossa agrobiodiversidade\u201d, afirma a presidenta da Cooperbio, Luiza Pigossi.<\/p>\n<p>A comunidade regional \u00e9 convidada a participar, fortalecer a troca de saberes e apoiar quem cultiva, guarda e compartilha vida. Informa\u00e7\u00f5es e atualiza\u00e7\u00f5es podem ser acompanhadas pelo&nbsp;Instagram do projeto Alimergia&nbsp;e pelo&nbsp;Facebook da Cooperbio.<\/p>\n<p>A organiza\u00e7\u00e3o tamb\u00e9m abre espa\u00e7o para empresas e institui\u00e7\u00f5es que desejem apoiar a causa: interessados podem entrar em contato pelo WhatsApp (55) 99733-5461 para incluir suas marcas nos materiais de divulga\u00e7\u00e3o.<\/p>","protected":false},"excerpt":{"rendered":"<p>Evento se tornou uma das mais importantes celebra\u00e7\u00f5es da cultura camponesa no Sul do pa\u00eds A preserva\u00e7\u00e3o das sementes que carregam hist\u00f3rias, territ\u00f3rios e resist\u00eancias volta ao centro das celebra\u00e7\u00f5es&#8230;<\/p>","protected":false},"author":2,"featured_media":71198,"comment_status":"closed","ping_status":"closed","sticky":false,"template":"","format":"standard","meta":{"ngg_post_thumbnail":0,"footnotes":""},"categories":[42,28,33,43],"tags":[],"class_list":["post-71197","post","type-post","status-publish","format-standard","has-post-thumbnail","hentry","category-fred-west","category-destaque","category-noticias","category-regiao"],"amp_enabled":true,"_links":{"self":[{"href":"https:\/\/www2.comunitaria.com.br\/en\/wp-json\/wp\/v2\/posts\/71197","targetHints":{"allow":["GET"]}}],"collection":[{"href":"https:\/\/www2.comunitaria.com.br\/en\/wp-json\/wp\/v2\/posts"}],"about":[{"href":"https:\/\/www2.comunitaria.com.br\/en\/wp-json\/wp\/v2\/types\/post"}],"author":[{"embeddable":true,"href":"https:\/\/www2.comunitaria.com.br\/en\/wp-json\/wp\/v2\/users\/2"}],"replies":[{"embeddable":true,"href":"https:\/\/www2.comunitaria.com.br\/en\/wp-json\/wp\/v2\/comments?post=71197"}],"version-history":[{"count":0,"href":"https:\/\/www2.comunitaria.com.br\/en\/wp-json\/wp\/v2\/posts\/71197\/revisions"}],"wp:featuredmedia":[{"embeddable":true,"href":"https:\/\/www2.comunitaria.com.br\/en\/wp-json\/wp\/v2\/media\/71198"}],"wp:attachment":[{"href":"https:\/\/www2.comunitaria.com.br\/en\/wp-json\/wp\/v2\/media?parent=71197"}],"wp:term":[{"taxonomy":"category","embeddable":true,"href":"https:\/\/www2.comunitaria.com.br\/en\/wp-json\/wp\/v2\/categories?post=71197"},{"taxonomy":"post_tag","embeddable":true,"href":"https:\/\/www2.comunitaria.com.br\/en\/wp-json\/wp\/v2\/tags?post=71197"}],"curies":[{"name":"wp","href":"https:\/\/api.w.org\/{rel}","templated":true}]}}