{"id":71182,"date":"2025-12-18T11:17:39","date_gmt":"2025-12-18T13:17:39","guid":{"rendered":"https:\/\/www2.comunitaria.com.br\/?p=71182"},"modified":"2025-12-18T11:17:39","modified_gmt":"2025-12-18T13:17:39","slug":"mulher-gravida-e-homem-morrem-atropelados-por-caminhao-na-br-116-no-rs","status":"publish","type":"post","link":"https:\/\/www2.comunitaria.com.br\/en\/mulher-gravida-e-homem-morrem-atropelados-por-caminhao-na-br-116-no-rs\/","title":{"rendered":"Mulher gr\u00e1vida e homem morrem atropelados por caminh\u00e3o na BR-116 no RS"},"content":{"rendered":"<p class=\"content-head__subtitle\"><em>Feto tamb\u00e9m n\u00e3o sobreviveu. Caso aconteceu no km 374,9, em Tapes.<\/em><\/p>\n<div id=\"chunk-mlkq\">\n<div class=\"mc-column content-text active-extra-styles\" data-block-type=\"unstyled\" data-block-weight=\"41\" data-block-id=\"3\">\n<p class=\"content-text__container\" data-track-category=\"Link no Texto\" data-track-links=\"\" data-mrf-recirculation=\"Mat\u00e9ria - Links no Texto\">Um acidentedeixou duas pessoas mortas&nbsp;na BR-116, em&nbsp;Tapes, no Litoral do Rio Grande do Sul. De acordo com a Pol\u00edcia Rodovi\u00e1ria Federal (PRF), a ocorr\u00eancia foi registrada por volta das 20h30 de ter\u00e7a-feira (16), no km 374,9, sentido interior-capital.<\/p>\n<\/div>\n<\/div>\n<div class=\"wall protected-content\">\n<div id=\"chunk-dfp3r\">\n<div class=\"mc-column content-text active-extra-styles\" data-block-type=\"unstyled\" data-block-weight=\"33\" data-block-id=\"5\">\n<p class=\"content-text__container\" data-track-category=\"Link no Texto\" data-track-links=\"\" data-mrf-recirculation=\"Mat\u00e9ria - Links no Texto\">Segundo informa\u00e7\u00f5es da PRF, um caminh\u00e3o Ford Cargo atropelou ambos. A mulher, de 31 anos, morreu ainda no local.&nbsp;<span class=\"highlight highlighted\">Familiares confirmaram \u00e0 PRF que a mulher estava gr\u00e1vida<\/span>.&nbsp;O feto tamb\u00e9m n\u00e3o sobreviveu.<\/p>\n<div id=\"chunk-2qvnh\">\n<div class=\"mc-column content-text active-extra-styles\" data-block-type=\"unstyled\" data-block-weight=\"30\" data-block-id=\"7\">\n<p class=\"content-text__container\" data-track-category=\"Link no Texto\" data-track-links=\"\" data-mrf-recirculation=\"Mat\u00e9ria - Links no Texto\">J\u00e1 o homem, de 29 anos, chegou a ser socorrido pelo Servi\u00e7o de Atendimento M\u00f3vel de Urg\u00eancia (SAMU), mas n\u00e3o resistiu aos ferimentos.&nbsp;N\u00e3o foram informadas as identidades das v\u00edtimas.<\/p>\n<\/div>\n<\/div>\n<div id=\"chunk-3t0eg\">\n<div class=\"content-ads content-ads--reveal\" data-block-type=\"ads\" data-block-id=\"8\">\n<div id=\"banner_materia2\" class=\"tag-manager-publicidade-container tag-manager-publicidade-banner_materia2 tag-manager-publicidade-container--carregado tag-manager-publicidade-container--visivel\" data-google-query-id=\"CJq8t9Sbx5EDFVEFHgAdQW4rZQ\">\n<div id=\"chunk-2qvnh\">\n<div class=\"mc-column content-text active-extra-styles\" data-block-type=\"unstyled\" data-block-weight=\"30\" data-block-id=\"7\">&nbsp;<\/div>\n<\/div>\n<div id=\"chunk-3t0eg\">\n<div class=\"content-ads content-ads--reveal\" data-block-type=\"ads\" data-block-id=\"8\">\n<div id=\"banner_materia2\" class=\"tag-manager-publicidade-container tag-manager-publicidade-banner_materia2 tag-manager-publicidade-container--carregado tag-manager-publicidade-container--visivel\" data-google-query-id=\"CJq8t9Sbx5EDFVEFHgAdQW4rZQ\">Equipes dos Bombeiros Volunt\u00e1rios de Tapes e do SAMU foram acionadas para prestar atendimento. A PRF realizou os procedimentos de per\u00edcia e controle do tr\u00e1fego na regi\u00e3o.<\/div>\n<\/div>\n<\/div>\n<\/div>\n<\/div>\n<\/div>\n<\/div>\n<\/div>\n<\/div>","protected":false},"excerpt":{"rendered":"<p>Feto tamb\u00e9m n\u00e3o sobreviveu. Caso aconteceu no km 374,9, em Tapes. Um acidentedeixou duas pessoas mortas&nbsp;na BR-116, em&nbsp;Tapes, no Litoral do Rio Grande do Sul. De acordo com a Pol\u00edcia&#8230;<\/p>","protected":false},"author":2,"featured_media":71183,"comment_status":"closed","ping_status":"closed","sticky":false,"template":"","format":"standard","meta":{"ngg_post_thumbnail":0,"footnotes":""},"categories":[28,33],"tags":[],"class_list":["post-71182","post","type-post","status-publish","format-standard","has-post-thumbnail","hentry","category-destaque","category-noticias"],"amp_enabled":true,"_links":{"self":[{"href":"https:\/\/www2.comunitaria.com.br\/en\/wp-json\/wp\/v2\/posts\/71182","targetHints":{"allow":["GET"]}}],"collection":[{"href":"https:\/\/www2.comunitaria.com.br\/en\/wp-json\/wp\/v2\/posts"}],"about":[{"href":"https:\/\/www2.comunitaria.com.br\/en\/wp-json\/wp\/v2\/types\/post"}],"author":[{"embeddable":true,"href":"https:\/\/www2.comunitaria.com.br\/en\/wp-json\/wp\/v2\/users\/2"}],"replies":[{"embeddable":true,"href":"https:\/\/www2.comunitaria.com.br\/en\/wp-json\/wp\/v2\/comments?post=71182"}],"version-history":[{"count":0,"href":"https:\/\/www2.comunitaria.com.br\/en\/wp-json\/wp\/v2\/posts\/71182\/revisions"}],"wp:featuredmedia":[{"embeddable":true,"href":"https:\/\/www2.comunitaria.com.br\/en\/wp-json\/wp\/v2\/media\/71183"}],"wp:attachment":[{"href":"https:\/\/www2.comunitaria.com.br\/en\/wp-json\/wp\/v2\/media?parent=71182"}],"wp:term":[{"taxonomy":"category","embeddable":true,"href":"https:\/\/www2.comunitaria.com.br\/en\/wp-json\/wp\/v2\/categories?post=71182"},{"taxonomy":"post_tag","embeddable":true,"href":"https:\/\/www2.comunitaria.com.br\/en\/wp-json\/wp\/v2\/tags?post=71182"}],"curies":[{"name":"wp","href":"https:\/\/api.w.org\/{rel}","templated":true}]}}