{"id":71086,"date":"2025-12-11T12:04:07","date_gmt":"2025-12-11T14:04:07","guid":{"rendered":"https:\/\/www2.comunitaria.com.br\/?p=71086"},"modified":"2025-12-11T12:04:07","modified_gmt":"2025-12-11T14:04:07","slug":"cameras-de-seguranca-mostram-corpo-de-mulher-sendo-levado-dentro-de-lixeira-em-porto-alegre","status":"publish","type":"post","link":"https:\/\/www2.comunitaria.com.br\/en\/cameras-de-seguranca-mostram-corpo-de-mulher-sendo-levado-dentro-de-lixeira-em-porto-alegre\/","title":{"rendered":"C\u00e2meras de seguran\u00e7a mostram corpo de mulher sendo levado dentro de lixeira em Porto Alegre"},"content":{"rendered":"<p class=\"content-head__subtitle\"><em>Mulher foi identificada como Juliana da Silva Dias, 44 anos. Segundo a pol\u00edcia, ela foi v\u00edtima de feminic\u00eddio cometido pelo companheiro.<\/em><\/p>\n<p>C\u00e2meras de seguran\u00e7a flagraram o momento que&nbsp;o corpo de uma mulher \u00e9 levado dentro de uma lixeira&nbsp;em&nbsp;Porto Alegre. Duas pessoas aparecem nas imagens: \u00e0 frente, um homem transporta o objeto, e logo atr\u00e1s, um outro o acompanha, em uma bicicleta.<\/p>\n<p>A v\u00edtima foi identificada como&nbsp;Juliana da Silva Dias, 44 anos. De acordo com a Pol\u00edcia Civil, ela foi&nbsp;v\u00edtima de feminic\u00eddio cometido pelo companheiro e um outro homem.<\/p>\n<div id=\"chunk-fuo9\">\n<div class=\"mc-column content-text active-extra-styles\" data-block-type=\"unstyled\" data-block-weight=\"46\" data-block-id=\"7\">\n<p class=\"content-text__container\" data-track-category=\"Link no Texto\" data-track-links=\"\" data-mrf-recirculation=\"Mat\u00e9ria - Links no Texto\">A investiga\u00e7\u00e3o apurou que Juliana foi agredida e teria sido asfixiada pelos dois homens.&nbsp;<span class=\"highlight highlighted\">Os suspeitos de assassinar a mulher foram identificados e est\u00e3o presos.<\/span>&nbsp;A pol\u00edcia identificou e faz buscas \u00e0 dupla que aparece nas imagens.&nbsp;A identidade dos quatro suspeitos n\u00e3o foi divulgada.<\/p>\n<\/div>\n<\/div>\n<div id=\"chunk-epapk\">\n<div class=\"mc-column content-text active-extra-styles\" data-block-type=\"unstyled\" data-block-weight=\"36\" data-block-id=\"9\">\n<p class=\"content-text__container\" data-track-category=\"Link no Texto\" data-track-links=\"\" data-mrf-recirculation=\"Mat\u00e9ria - Links no Texto\">Uma testemunha que reside nas proximidades do local&nbsp;relatou ter ouvido as agress\u00f5es&nbsp;e o&nbsp;pedido de socorro da mulher. Ele teria deixado o lugar e quando retornou Juliana n\u00e3o estava mais, apenas um dos suspeitos.<\/p>\n<p data-track-category=\"Link no Texto\" data-track-links=\"\" data-mrf-recirculation=\"Mat\u00e9ria - Links no Texto\">O corpo foi localizado por funcion\u00e1rios do Departamento Municipal de Limpeza Urbana (DMLU) que realizavam servi\u00e7os de recolhimento de res\u00edduos na Rua 15 de Novembro, no bairro S\u00e3o Jo\u00e3o, na noite de segunda-feira (8).&nbsp;A equipe estranhou a posi\u00e7\u00e3o da lixeira naquele ponto da cidade a acionou a pol\u00edcia.<\/p>\n<p data-track-category=\"Link no Texto\" data-track-links=\"\" data-mrf-recirculation=\"Mat\u00e9ria - Links no Texto\">A&nbsp;motiva\u00e7\u00e3o do crime foi uma d\u00edvida de R$ 2 mil. O suspeito \u00e9 traficante e chefiaria o ponto de venda de drogas na regi\u00e3o.<\/p>\n<\/div>\n<\/div>","protected":false},"excerpt":{"rendered":"<p>Mulher foi identificada como Juliana da Silva Dias, 44 anos. Segundo a pol\u00edcia, ela foi v\u00edtima de feminic\u00eddio cometido pelo companheiro. C\u00e2meras de seguran\u00e7a flagraram o momento que&nbsp;o corpo de&#8230;<\/p>","protected":false},"author":2,"featured_media":71087,"comment_status":"closed","ping_status":"closed","sticky":false,"template":"","format":"standard","meta":{"ngg_post_thumbnail":0,"footnotes":""},"categories":[28,33],"tags":[],"class_list":["post-71086","post","type-post","status-publish","format-standard","has-post-thumbnail","hentry","category-destaque","category-noticias"],"amp_enabled":true,"_links":{"self":[{"href":"https:\/\/www2.comunitaria.com.br\/en\/wp-json\/wp\/v2\/posts\/71086","targetHints":{"allow":["GET"]}}],"collection":[{"href":"https:\/\/www2.comunitaria.com.br\/en\/wp-json\/wp\/v2\/posts"}],"about":[{"href":"https:\/\/www2.comunitaria.com.br\/en\/wp-json\/wp\/v2\/types\/post"}],"author":[{"embeddable":true,"href":"https:\/\/www2.comunitaria.com.br\/en\/wp-json\/wp\/v2\/users\/2"}],"replies":[{"embeddable":true,"href":"https:\/\/www2.comunitaria.com.br\/en\/wp-json\/wp\/v2\/comments?post=71086"}],"version-history":[{"count":0,"href":"https:\/\/www2.comunitaria.com.br\/en\/wp-json\/wp\/v2\/posts\/71086\/revisions"}],"wp:featuredmedia":[{"embeddable":true,"href":"https:\/\/www2.comunitaria.com.br\/en\/wp-json\/wp\/v2\/media\/71087"}],"wp:attachment":[{"href":"https:\/\/www2.comunitaria.com.br\/en\/wp-json\/wp\/v2\/media?parent=71086"}],"wp:term":[{"taxonomy":"category","embeddable":true,"href":"https:\/\/www2.comunitaria.com.br\/en\/wp-json\/wp\/v2\/categories?post=71086"},{"taxonomy":"post_tag","embeddable":true,"href":"https:\/\/www2.comunitaria.com.br\/en\/wp-json\/wp\/v2\/tags?post=71086"}],"curies":[{"name":"wp","href":"https:\/\/api.w.org\/{rel}","templated":true}]}}