{"id":71084,"date":"2025-12-11T11:31:17","date_gmt":"2025-12-11T13:31:17","guid":{"rendered":"https:\/\/www2.comunitaria.com.br\/?p=71084"},"modified":"2025-12-11T11:31:17","modified_gmt":"2025-12-11T13:31:17","slug":"presidente-da-camara-de-vereadores-marizete-frozzi-deve-assumir-como-prefeita-em-exercicio-de-frederico-westphalen-na-proxima-semana","status":"publish","type":"post","link":"https:\/\/www2.comunitaria.com.br\/en\/presidente-da-camara-de-vereadores-marizete-frozzi-deve-assumir-como-prefeita-em-exercicio-de-frederico-westphalen-na-proxima-semana\/","title":{"rendered":"Presidente da C\u00e2mara de Vereadores, Marizete Frozzi, deve assumir como prefeita em exerc\u00edcio de Frederico Westphalen na pr\u00f3xima semana"},"content":{"rendered":"<p><em>Prefeito Orlando Girardi dever\u00e1 se afastar por alguns dias, a partir de 17 de dezembro, para procedimento cir\u00fargico relacionado \u00e0 vis\u00e3o<\/em><\/p>\n<p>A presidente da C\u00e2mara de Vereadores, Marizete Frozzi, deve assumir na pr\u00f3xima semana como prefeita em exerc\u00edcio de Frederico Westphalen.&nbsp;<\/p>\n<p>Segundo informa\u00e7\u00f5es que devem ser confirmadas em coletiva de imprensa prevista para esta sexta-feira, dia 12, na sede da Administra\u00e7\u00e3o Municipal, o Prefeito Orlando Girardi dever\u00e1 se afastar por alguns dias para procedimento cir\u00fargico relacionado \u00e0 vis\u00e3o.<\/p>\n<p>Como o vice-prefeito eleito Chester Francescatto acabou renunciando ao cargo no \u00faltimo dia 28 de novembro, cabe a ent\u00e3o presidente do Poder Legislativo assumir a fun\u00e7\u00e3o na aus\u00eancia do atual prefeito.<\/p>\n<p>Marizete deve assumir como prefeita em exerc\u00edcio na pr\u00f3xima quarta-feira, 17 de dezembro, e permanecer no cargo at\u00e9 o retorno do prefeito Orlando, no dia 22 de dezembro.<\/p>","protected":false},"excerpt":{"rendered":"<p>Prefeito Orlando Girardi dever\u00e1 se afastar por alguns dias, a partir de 17 de dezembro, para procedimento cir\u00fargico relacionado \u00e0 vis\u00e3o A presidente da C\u00e2mara de Vereadores, Marizete Frozzi, deve&#8230;<\/p>","protected":false},"author":2,"featured_media":71085,"comment_status":"closed","ping_status":"closed","sticky":false,"template":"","format":"standard","meta":{"ngg_post_thumbnail":0,"footnotes":""},"categories":[42,33],"tags":[],"class_list":["post-71084","post","type-post","status-publish","format-standard","has-post-thumbnail","hentry","category-fred-west","category-noticias"],"amp_enabled":true,"_links":{"self":[{"href":"https:\/\/www2.comunitaria.com.br\/en\/wp-json\/wp\/v2\/posts\/71084","targetHints":{"allow":["GET"]}}],"collection":[{"href":"https:\/\/www2.comunitaria.com.br\/en\/wp-json\/wp\/v2\/posts"}],"about":[{"href":"https:\/\/www2.comunitaria.com.br\/en\/wp-json\/wp\/v2\/types\/post"}],"author":[{"embeddable":true,"href":"https:\/\/www2.comunitaria.com.br\/en\/wp-json\/wp\/v2\/users\/2"}],"replies":[{"embeddable":true,"href":"https:\/\/www2.comunitaria.com.br\/en\/wp-json\/wp\/v2\/comments?post=71084"}],"version-history":[{"count":0,"href":"https:\/\/www2.comunitaria.com.br\/en\/wp-json\/wp\/v2\/posts\/71084\/revisions"}],"wp:featuredmedia":[{"embeddable":true,"href":"https:\/\/www2.comunitaria.com.br\/en\/wp-json\/wp\/v2\/media\/71085"}],"wp:attachment":[{"href":"https:\/\/www2.comunitaria.com.br\/en\/wp-json\/wp\/v2\/media?parent=71084"}],"wp:term":[{"taxonomy":"category","embeddable":true,"href":"https:\/\/www2.comunitaria.com.br\/en\/wp-json\/wp\/v2\/categories?post=71084"},{"taxonomy":"post_tag","embeddable":true,"href":"https:\/\/www2.comunitaria.com.br\/en\/wp-json\/wp\/v2\/tags?post=71084"}],"curies":[{"name":"wp","href":"https:\/\/api.w.org\/{rel}","templated":true}]}}