{"id":71040,"date":"2025-12-09T10:25:55","date_gmt":"2025-12-09T12:25:55","guid":{"rendered":"https:\/\/www2.comunitaria.com.br\/?p=71040"},"modified":"2025-12-09T10:25:55","modified_gmt":"2025-12-09T12:25:55","slug":"ufsm-aprova-criacao-de-curso-de-medicina-em-cidade-do-noroeste-do-estado","status":"publish","type":"post","link":"https:\/\/www2.comunitaria.com.br\/en\/ufsm-aprova-criacao-de-curso-de-medicina-em-cidade-do-noroeste-do-estado\/","title":{"rendered":"UFSM aprova cria\u00e7\u00e3o de curso de Medicina em cidade do Noroeste do Estado"},"content":{"rendered":"<p>A Universidade Federal de Santa Maria (UFSM) aprovou a proposta de cria\u00e7\u00e3o do curso de Medicina no campus de Palmeira das Miss\u00f5es. Com isso, segundo o reitor Luciano Schuch, o processo vai agora para os minist\u00e9rios da Educa\u00e7\u00e3o e da Sa\u00fade, que v\u00e3o decidir se o curso ser\u00e1 mesmo instalado na cidade do Noroeste do Estado. O reitor diz que esse curso \u00e9 um pedido da comunidade daquela regi\u00e3o que era feito h\u00e1 mais de 18 anos.<\/p>\n<p>No primeiro semestre do ano que vem, deve ser agendada a primeira visita in loco do Minist\u00e9rio da Educa\u00e7\u00e3o e do Minist\u00e9rio da Sa\u00fade. A partir dali, o MEC dir\u00e1 se tem condi\u00e7\u00f5es de esse curso funcionar \u2013 afirmou Schuch.<\/p>\n<p>Se for dado o aval de Bras\u00edlia para a cria\u00e7\u00e3o do curso,&nbsp;o pr\u00f3ximo passo ser\u00e1 conseguir R$ 70 milh\u00f5es para as obras e a aprova\u00e7\u00e3o de 96 vagas de professores e 48 de t\u00e9cnicos administrativos em educa\u00e7\u00e3o para trabalharem no curso. O valor \u00e9 maior do que tudo que j\u00e1 foi investido no campus de Palmeira.<\/p>\n<p>Segundo o reitor, em uma proje\u00e7\u00e3o otimista,&nbsp;se tudo der certo e o processo andar r\u00e1pido, o curso poderia abrir em 2027, com o ingresso de 50 calouros por ano, sempre no 1\u00ba semestre.<\/p>","protected":false},"excerpt":{"rendered":"<p>A Universidade Federal de Santa Maria (UFSM) aprovou a proposta de cria\u00e7\u00e3o do curso de Medicina no campus de Palmeira das Miss\u00f5es. Com isso, segundo o reitor Luciano Schuch, o&#8230;<\/p>","protected":false},"author":2,"featured_media":71041,"comment_status":"closed","ping_status":"closed","sticky":false,"template":"","format":"standard","meta":{"ngg_post_thumbnail":0,"footnotes":""},"categories":[28,33,43],"tags":[],"class_list":["post-71040","post","type-post","status-publish","format-standard","has-post-thumbnail","hentry","category-destaque","category-noticias","category-regiao"],"amp_enabled":true,"_links":{"self":[{"href":"https:\/\/www2.comunitaria.com.br\/en\/wp-json\/wp\/v2\/posts\/71040","targetHints":{"allow":["GET"]}}],"collection":[{"href":"https:\/\/www2.comunitaria.com.br\/en\/wp-json\/wp\/v2\/posts"}],"about":[{"href":"https:\/\/www2.comunitaria.com.br\/en\/wp-json\/wp\/v2\/types\/post"}],"author":[{"embeddable":true,"href":"https:\/\/www2.comunitaria.com.br\/en\/wp-json\/wp\/v2\/users\/2"}],"replies":[{"embeddable":true,"href":"https:\/\/www2.comunitaria.com.br\/en\/wp-json\/wp\/v2\/comments?post=71040"}],"version-history":[{"count":0,"href":"https:\/\/www2.comunitaria.com.br\/en\/wp-json\/wp\/v2\/posts\/71040\/revisions"}],"wp:featuredmedia":[{"embeddable":true,"href":"https:\/\/www2.comunitaria.com.br\/en\/wp-json\/wp\/v2\/media\/71041"}],"wp:attachment":[{"href":"https:\/\/www2.comunitaria.com.br\/en\/wp-json\/wp\/v2\/media?parent=71040"}],"wp:term":[{"taxonomy":"category","embeddable":true,"href":"https:\/\/www2.comunitaria.com.br\/en\/wp-json\/wp\/v2\/categories?post=71040"},{"taxonomy":"post_tag","embeddable":true,"href":"https:\/\/www2.comunitaria.com.br\/en\/wp-json\/wp\/v2\/tags?post=71040"}],"curies":[{"name":"wp","href":"https:\/\/api.w.org\/{rel}","templated":true}]}}