{"id":71028,"date":"2025-12-09T09:22:03","date_gmt":"2025-12-09T11:22:03","guid":{"rendered":"https:\/\/www2.comunitaria.com.br\/?p=71028"},"modified":"2025-12-09T09:22:03","modified_gmt":"2025-12-09T11:22:03","slug":"homem-e-encontrado-morto-em-apartamento-no-bairro-vista-alegre-em-palmeira-das-missoes","status":"publish","type":"post","link":"https:\/\/www2.comunitaria.com.br\/en\/homem-e-encontrado-morto-em-apartamento-no-bairro-vista-alegre-em-palmeira-das-missoes\/","title":{"rendered":"Homem \u00e9 encontrado morto em apartamento no bairro Vista Alegre, em Palmeira das Miss\u00f5es"},"content":{"rendered":"<div>Um homem foi encontrado morto na manh\u00e3 de segunda-feira (08) em um apartamento na Rua Dari Kurtz, no bairro Vista Alegre, em Palmeira das Miss\u00f5es.<\/div>\n<div>&nbsp;<\/div>\n<div>Conforme informa\u00e7\u00f5es preliminares, moradores ouviram gemidos vindos do im\u00f3vel e desceram para verificar a situa\u00e7\u00e3o. Ao chegarem ao local, encontraram a v\u00edtima ferida por golpes de arma branca.<\/div>\n<div>&nbsp;<\/div>\n<div>\n<div>A identidade formal do homem ainda n\u00e3o foi confirmada pelas autoridades, mas ele era conhecido na regi\u00e3o pelo apelido de \u201cMato Grosso\u201d. Equipes da Brigada Militar, Pol\u00edcia Civil e do Servi\u00e7o de Atendimento M\u00f3vel de Urg\u00eancia (SAMU) foram acionadas e atenderam a ocorr\u00eancia.<\/div>\n<div>&nbsp;<\/div>\n<\/div>\n<div>\n<div>Ao chegarem ao local, os policiais constataram o fato: um homem de 72 anos havia sido morto dentro de sua resid\u00eancia. Uma faca foi localizada na cena do crime. A \u00e1rea foi imediatamente isolada e a Pol\u00edcia Civil acionada para dar andamento \u00e0s investiga\u00e7\u00f5es.<\/div>\n<div>\nDiante da situa\u00e7\u00e3o, as guarni\u00e7\u00f5es iniciaram buscas pela autoria. Por meio do sistema de videomonitoramento das proximidades, foi poss\u00edvel identificar que a principal suspeita seria uma mulher de 32 anos.<\/div>\n<div>\nAp\u00f3s dilig\u00eancias, por volta das 12h, a Brigada Militar localizou e prendeu a suspeita, que confessou a autoria do crime.<\/div>\n<\/div>","protected":false},"excerpt":{"rendered":"<p>Um homem foi encontrado morto na manh\u00e3 de segunda-feira (08) em um apartamento na Rua Dari Kurtz, no bairro Vista Alegre, em Palmeira das Miss\u00f5es. &nbsp; Conforme informa\u00e7\u00f5es preliminares, moradores&#8230;<\/p>","protected":false},"author":2,"featured_media":71029,"comment_status":"closed","ping_status":"closed","sticky":false,"template":"","format":"standard","meta":{"ngg_post_thumbnail":0,"footnotes":""},"categories":[28,33,43],"tags":[],"class_list":["post-71028","post","type-post","status-publish","format-standard","has-post-thumbnail","hentry","category-destaque","category-noticias","category-regiao"],"amp_enabled":true,"_links":{"self":[{"href":"https:\/\/www2.comunitaria.com.br\/en\/wp-json\/wp\/v2\/posts\/71028","targetHints":{"allow":["GET"]}}],"collection":[{"href":"https:\/\/www2.comunitaria.com.br\/en\/wp-json\/wp\/v2\/posts"}],"about":[{"href":"https:\/\/www2.comunitaria.com.br\/en\/wp-json\/wp\/v2\/types\/post"}],"author":[{"embeddable":true,"href":"https:\/\/www2.comunitaria.com.br\/en\/wp-json\/wp\/v2\/users\/2"}],"replies":[{"embeddable":true,"href":"https:\/\/www2.comunitaria.com.br\/en\/wp-json\/wp\/v2\/comments?post=71028"}],"version-history":[{"count":0,"href":"https:\/\/www2.comunitaria.com.br\/en\/wp-json\/wp\/v2\/posts\/71028\/revisions"}],"wp:featuredmedia":[{"embeddable":true,"href":"https:\/\/www2.comunitaria.com.br\/en\/wp-json\/wp\/v2\/media\/71029"}],"wp:attachment":[{"href":"https:\/\/www2.comunitaria.com.br\/en\/wp-json\/wp\/v2\/media?parent=71028"}],"wp:term":[{"taxonomy":"category","embeddable":true,"href":"https:\/\/www2.comunitaria.com.br\/en\/wp-json\/wp\/v2\/categories?post=71028"},{"taxonomy":"post_tag","embeddable":true,"href":"https:\/\/www2.comunitaria.com.br\/en\/wp-json\/wp\/v2\/tags?post=71028"}],"curies":[{"name":"wp","href":"https:\/\/api.w.org\/{rel}","templated":true}]}}