{"id":71016,"date":"2025-12-08T09:47:01","date_gmt":"2025-12-08T11:47:01","guid":{"rendered":"https:\/\/www2.comunitaria.com.br\/?p=71016"},"modified":"2025-12-08T09:47:01","modified_gmt":"2025-12-08T11:47:01","slug":"professoras-da-ufsm-sao-vencedoras-do-17o-premio-de-incentivo-em-ciencia-tecnologia-e-inovacao-para-o-sus","status":"publish","type":"post","link":"https:\/\/www2.comunitaria.com.br\/en\/professoras-da-ufsm-sao-vencedoras-do-17o-premio-de-incentivo-em-ciencia-tecnologia-e-inovacao-para-o-sus\/","title":{"rendered":"Professoras da UFSM s\u00e3o vencedoras do 17\u00ba Pr\u00eamio de Incentivo em Ci\u00eancia, Tecnologia e Inova\u00e7\u00e3o para o SUS"},"content":{"rendered":"<p><em>A UFSM foi a \u00fanica universidade ga\u00facha premiada na cerim\u00f4nia realizada na \u00faltima ter\u00e7a-feira (2), em Bras\u00edlia<\/em><\/p>\n<p>Duas professoras da Universidade Federal de Santa Maria (UFSM) foram vencedoras do 17\u00ba Pr\u00eamio de Incentivo em Ci\u00eancia, Tecnologia e Inova\u00e7\u00e3o para o Sistema \u00danico de Sa\u00fade (SUS). As&nbsp;indica\u00e7\u00f5es&nbsp;haviam sido divulgadas em julho deste ano pelo Conselho Nacional de Desenvolvimento Cient\u00edfico e Tecnol\u00f3gico (CNPq), e a cerim\u00f4nia de entrega dos trof\u00e9us ocorreu na \u00faltima ter\u00e7a-feira (2), no Centro Internacional de Conven\u00e7\u00f5es do Brasil, em Bras\u00edlia. Entre as universidades indicadas, a UFSM foi a \u00fanica institui\u00e7\u00e3o ga\u00facha premiada.<\/p>\n<p>Marli Matiko Anraku de Campos, docente do Programa de P\u00f3s-Gradua\u00e7\u00e3o em Ci\u00eancias Farmac\u00eauticas e do Mestrado Profissional em Ci\u00eancias da Sa\u00fade, conquistou o primeiro lugar na categoria Produtos e Inova\u00e7\u00e3o em Sa\u00fade com o \u201cTeste Molecular R\u00e1pido para Tuberculose\u201d. J\u00e1 a professora Vanessa Ramos Kirsten, dos Programas de P\u00f3s-Gradua\u00e7\u00e3o em Sa\u00fade e Ruralidade e em Gerontologia, recebeu o terceiro lugar na categoria Experi\u00eancias Exitosas do Programa Pesquisa para o SUS, com o trabalho \u201cQualifica\u00e7\u00e3o da Vigil\u00e2ncia Alimentar e Nutricional: uma proposta de educa\u00e7\u00e3o permanente em sa\u00fade para melhoria da qualidade da aten\u00e7\u00e3o \u00e0 sa\u00fade nos munic\u00edpios do Rio Grande do Sul\u201d.<\/p>\n<h3><span style=\"font-size: large;\">O Teste R\u00e1pido para Tuberculose<\/span><\/h3>\n<p>O Teste R\u00e1pido para Tuberculose \u00e9 uma iniciativa do Laborat\u00f3rio de Micobacteriologia da UFSM, coordenado por Marli, e busca otimizar o diagn\u00f3stico e facilitar o tratamento da doen\u00e7a. Para a docente, a conquista do primeiro lugar representa o reconhecimento de um trabalho desenvolvido ao longo de sua carreira. \u201cEsse teste pode contribuir para a sa\u00fade p\u00fablica no Brasil. \u00c9 muito positivo para a UFSM tamb\u00e9m, j\u00e1 que n\u00f3s representamos a universidade em diferentes locais e eventos relacionados \u00e0 sa\u00fade\u201d, refor\u00e7a. A pesquisadora acrescenta que \u201cest\u00e1 aprimorando a tecnologia para facilitar a manuten\u00e7\u00e3o da metodologia utilizada\u201d.<\/p>\n<p>Apesar de o tratamento para tuberculose ser ofertado gratuitamente pelo SUS, a lentid\u00e3o no diagn\u00f3stico ainda \u00e9 um desafio. Em m\u00e9dia, o tempo total entre o in\u00edcio dos sintomas e o in\u00edcio do tratamento \u00e9 de 11 semanas, isso \u00e9 causado por dois fatores: o atraso do paciente em reconhecer os sintomas e o atraso do pr\u00f3prio sistema de diagn\u00f3sticos e consultas. Esses dados foram publicados em levantamento realizado pela Universidade Federal do Rio de Janeiro e pela Johns Hopkins University.<\/p>\n<p>Marli destaca que a principal estrat\u00e9gia para o combate \u00e0 doen\u00e7a \u00e9 o in\u00edcio precoce do tratamento e, para ela, o Teste tem grande potencial. \u201cHoje em diaa, quando se suspeita de tuberculose, o protocolo \u00e9 pedir um raio-X e a cultura do escarro. Esse segundo procedimento consiste em pegar a amostra e aplicar em um ambiente prop\u00edcio para o crescimento do bacilo, caso haja bact\u00e9ria. Por\u00e9m, esse crescimento demora em torno de 20 a 60 dias, o que \u00e9 incompat\u00edvel com as necessidades do paciente. O Teste surge como uma alternativa a esses m\u00e9todos tradicionais\u201d, explica.<\/p>\n<h3><span style=\"font-size: large;\">A pesquisa sobre Qualifica\u00e7\u00e3o da Vigil\u00e2ncia Alimentar e Nutricional<\/span><\/h3>\n<p>A pesquisa conduzida por Vanessa iniciou em 2021, quando foi aprovada em edital de fomento do SUS. Conforme a docente, o recebimento do pr\u00eamio representa a valoriza\u00e7\u00e3o de uma tem\u00e1tica que, muitas vezes, n\u00e3o recebe destaque entre as pesquisas. \u201cMuitos trabalhos s\u00e3o voltados para tratamento e diagn\u00f3stico de doen\u00e7as, o que \u00e9 importante, mas a nossa pesquisa trata do processo de trabalho e do monitoramento da situa\u00e7\u00e3o alimentar e nutricional da popula\u00e7\u00e3o brasileira\u201d, explica.<\/p>\n<p>A professora refor\u00e7a que o trabalho premiado contribui para a instrumentaliza\u00e7\u00e3o no combate \u00e0s problem\u00e1ticas relacionadas \u00e0 sa\u00fade nutricional. \u201cAs pessoas precisam registrar esses dados para identificarmos quais problemas existem nesse \u00e2mbito\u201d, afirma. Sobre o desenvolvimento da pesquisa, Vanessa conta que os envolvidos&nbsp;realizaram chamadas p\u00fablicas para que profissionais da sa\u00fade que atuam na vigil\u00e2ncia alimentar compartilhassem suas experi\u00eancias, al\u00e9m de desenvolver um chatbot para auxiliar esses trabalhadores \u201cRecolhemos essas experi\u00eancias, produzimos e-books e montamos um chatbot que tira d\u00favidas sobre os processos de trabalho de qualifica\u00e7\u00e3o da vigil\u00e2ncia alimentar e nutricional\u201d, pontua.<\/p>\n<p>Em rela\u00e7\u00e3o \u00e0s expectativas para o futuro da pesquisa, Vanessa revela que est\u00e1 sendo realizado um levantamento de dados sobre a vigil\u00e2ncia alimentar dos munic\u00edpios ga\u00fachos, a fim de identificar quais t\u00eam interesse em aprofundar conhecimentos relacionados \u00e0 tem\u00e1tica nutricional. \u201cCom esses levantamentos, estamos marcando capacita\u00e7\u00f5es. Queremos fazer isso em n\u00edvel estadual, nas coordenadorias de sa\u00fade. Nossa expectativa para 2026 \u00e9 essa: fortalecer a extens\u00e3o e a capacita\u00e7\u00e3o\u201d, refor\u00e7a.<\/p>\n<h3><span style=\"font-size: large;\">Sobre o Pr\u00eamio<\/span><\/h3>\n<p>O Pr\u00eamio de Incentivo em Ci\u00eancia, Tecnologia e Inova\u00e7\u00e3o para o SUS \u00e9 uma parceria do CNPq com o Minist\u00e9rio da Sa\u00fade com o objetivo de reconhecer o m\u00e9rito de pesquisadores, professores e profissionais de todas as \u00e1reas do conhecimento cujos trabalhos tenham contribu\u00eddo de forma relevante para o SUS, em conson\u00e2ncia com a&nbsp;Pol\u00edtica Nacional de Ci\u00eancia, Tecnologia e Inova\u00e7\u00e3o em Sa\u00fade.<\/p>\n<p>O Pr\u00eamio \u00e9 dividido em cinco categorias:<\/p>\n<ul>\n<li>Tese de Doutorado<\/li>\n<li>Disserta\u00e7\u00e3o de Mestrado<\/li>\n<li>Produtos e Inova\u00e7\u00e3o em Sa\u00fade<\/li>\n<li>Experi\u00eancias Exitosas do Programa Pesquisa para o SUS<\/li>\n<li>Trabalho Publicado em Revista Indexada<\/li>\n<\/ul>\n<p>Informa\u00e7\u00f5es sobre pr\u00f3ximas edi\u00e7\u00f5es podem ser acompanhadas no site do&nbsp;Governo Federal.<\/p>","protected":false},"excerpt":{"rendered":"<p>A UFSM foi a \u00fanica universidade ga\u00facha premiada na cerim\u00f4nia realizada na \u00faltima ter\u00e7a-feira (2), em Bras\u00edlia Duas professoras da Universidade Federal de Santa Maria (UFSM) foram vencedoras do 17\u00ba&#8230;<\/p>","protected":false},"author":2,"featured_media":71017,"comment_status":"closed","ping_status":"closed","sticky":false,"template":"","format":"standard","meta":{"ngg_post_thumbnail":0,"footnotes":""},"categories":[28,33],"tags":[],"class_list":["post-71016","post","type-post","status-publish","format-standard","has-post-thumbnail","hentry","category-destaque","category-noticias"],"amp_enabled":true,"_links":{"self":[{"href":"https:\/\/www2.comunitaria.com.br\/en\/wp-json\/wp\/v2\/posts\/71016","targetHints":{"allow":["GET"]}}],"collection":[{"href":"https:\/\/www2.comunitaria.com.br\/en\/wp-json\/wp\/v2\/posts"}],"about":[{"href":"https:\/\/www2.comunitaria.com.br\/en\/wp-json\/wp\/v2\/types\/post"}],"author":[{"embeddable":true,"href":"https:\/\/www2.comunitaria.com.br\/en\/wp-json\/wp\/v2\/users\/2"}],"replies":[{"embeddable":true,"href":"https:\/\/www2.comunitaria.com.br\/en\/wp-json\/wp\/v2\/comments?post=71016"}],"version-history":[{"count":0,"href":"https:\/\/www2.comunitaria.com.br\/en\/wp-json\/wp\/v2\/posts\/71016\/revisions"}],"wp:featuredmedia":[{"embeddable":true,"href":"https:\/\/www2.comunitaria.com.br\/en\/wp-json\/wp\/v2\/media\/71017"}],"wp:attachment":[{"href":"https:\/\/www2.comunitaria.com.br\/en\/wp-json\/wp\/v2\/media?parent=71016"}],"wp:term":[{"taxonomy":"category","embeddable":true,"href":"https:\/\/www2.comunitaria.com.br\/en\/wp-json\/wp\/v2\/categories?post=71016"},{"taxonomy":"post_tag","embeddable":true,"href":"https:\/\/www2.comunitaria.com.br\/en\/wp-json\/wp\/v2\/tags?post=71016"}],"curies":[{"name":"wp","href":"https:\/\/api.w.org\/{rel}","templated":true}]}}