{"id":71010,"date":"2025-12-05T10:51:30","date_gmt":"2025-12-05T12:51:30","guid":{"rendered":"https:\/\/www2.comunitaria.com.br\/?p=71010"},"modified":"2025-12-05T10:51:30","modified_gmt":"2025-12-05T12:51:30","slug":"mutirao-do-dia-d-reforca-a-prevencao-e-o-diagnostico-precoce-do-cancer-de-pele","status":"publish","type":"post","link":"https:\/\/www2.comunitaria.com.br\/en\/mutirao-do-dia-d-reforca-a-prevencao-e-o-diagnostico-precoce-do-cancer-de-pele\/","title":{"rendered":"Mutir\u00e3o do Dia D refor\u00e7a a preven\u00e7\u00e3o e o diagn\u00f3stico precoce do c\u00e2ncer de pele"},"content":{"rendered":"<p><em>Mutir\u00e3o realizado no Posto de Sa\u00fade Central contou com dermatologistas volunt\u00e1rios e apoio do Rotary Barril, refor\u00e7ando a import\u00e2ncia da preven\u00e7\u00e3o e do diagn\u00f3stico precoce.<\/em><\/p>\n<p>Na \u00faltima quinta-feira (4), o Posto de Sa\u00fade Central recebeu uma grande a\u00e7\u00e3o de mobiliza\u00e7\u00e3o pela sa\u00fade da pele: o Dia D contra o C\u00e2ncer de Pele, evento que integrou a campanha Dezembro Laranja, promovida pela Sociedade Brasileira de Dermatologia. A iniciativa teve como principal objetivo conscientizar a popula\u00e7\u00e3o sobre os riscos da exposi\u00e7\u00e3o solar sem prote\u00e7\u00e3o e a import\u00e2ncia do diagn\u00f3stico precoce.<br \/>\nO evento foi organizado pela Secretaria Municipal da Sa\u00fade, com o apoio de profissionais volunt\u00e1rios e do Rotary Barril, que contribuiu com a doa\u00e7\u00e3o de Punchs Dermatol\u00f3gicos \u2014 instrumentos m\u00e9dicos utilizados em bi\u00f3psias e remo\u00e7\u00e3o de les\u00f5es cut\u00e2neas.<br \/>\nDe forma volunt\u00e1ria participaram da a\u00e7\u00e3o a m\u00e9dica dermatologista Brenda Dallagnol e os m\u00e9dicos Gerson Crist\u00f3v\u00e3o, Michelle Sampaio e Isabella Schneider, que dedicaram o dia \u00e0 realiza\u00e7\u00e3o de consultas, avalia\u00e7\u00f5es e procedimentos dermatol\u00f3gicos gratuitos.<br \/>\nAo todo, 154 a\u00e7\u00f5es foram desenvolvidas durante o mutir\u00e3o. Os n\u00fameros refor\u00e7am o impacto positivo da a\u00e7\u00e3o:<br \/>\n\u2022 Pacientes atendidos: 45<br \/>\n\u2022 Procedimentos realizados: 52<br \/>\n\u2022 Bi\u00f3psias: 29<br \/>\n\u2022 Sess\u00f5es de crioterapia: 40<br \/>\n\u2022 Encaminhamentos para refer\u00eancia em dermatologia: 3<br \/>\n\u2022 Casos diagnosticados de c\u00e2ncer de pele n\u00e3o melanoma: 23<br \/>\n\u2022 Casos diagnosticados de melanoma: 7<\/p>\n<p>Al\u00e9m de ampliar o acesso da popula\u00e7\u00e3o a atendimentos especializados, o mutir\u00e3o representou um passo importante na redu\u00e7\u00e3o da fila de consultas dermatol\u00f3gicas no munic\u00edpio. A iniciativa refor\u00e7a o compromisso da gest\u00e3o municipal com a promo\u00e7\u00e3o da sa\u00fade e a valoriza\u00e7\u00e3o da preven\u00e7\u00e3o. A secret\u00e1ria municipal de Sa\u00fade, Suzan Milani, destacou o engajamento das equipes e parceiros envolvidos.<br \/>\n\u201cFoi uma a\u00e7\u00e3o de grande relev\u00e2ncia, que demonstra o quanto o trabalho em conjunto entre poder p\u00fablico, entidades e profissionais volunt\u00e1rios pode transformar realidades. Agrade\u00e7o ao Rotary Barril, aos m\u00e9dicos volunt\u00e1rios e a toda a equipe da Secretaria de Sa\u00fade, que mais uma vez mostrou comprometimento e dedica\u00e7\u00e3o com a nossa comunidade\u201d, afirmou.<br \/>\nO Dia D do Dezembro Laranja foi marcado pela solidariedade, cuidado e conscientiza\u00e7\u00e3o \u2014 um exemplo de como a\u00e7\u00f5es integradas podem salvar vidas atrav\u00e9s da preven\u00e7\u00e3o e do diagn\u00f3stico precoce.<\/p>","protected":false},"excerpt":{"rendered":"<p>Mutir\u00e3o realizado no Posto de Sa\u00fade Central contou com dermatologistas volunt\u00e1rios e apoio do Rotary Barril, refor\u00e7ando a import\u00e2ncia da preven\u00e7\u00e3o e do diagn\u00f3stico precoce. Na \u00faltima quinta-feira (4), o Posto de Sa\u00fade Central recebeu uma grande a\u00e7\u00e3o de mobiliza\u00e7\u00e3o pela sa\u00fade da pele: o Dia D contra o C\u00e2ncer de Pele, evento que integrou<\/p>\n<div class=\"read-more-wrapper\"><a class=\"read-more\" href=\"https:\/\/www2.comunitaria.com.br\/en\/mutirao-do-dia-d-reforca-a-prevencao-e-o-diagnostico-precoce-do-cancer-de-pele\/\" title=\"Read More\"> <span class=\"button\">Read More<\/span><\/a><\/div>","protected":false},"author":2,"featured_media":71011,"comment_status":"closed","ping_status":"closed","sticky":false,"template":"","format":"standard","meta":{"ngg_post_thumbnail":0,"footnotes":""},"categories":[42,28,33],"tags":[],"class_list":["post-71010","post","type-post","status-publish","format-standard","has-post-thumbnail","hentry","category-fred-west","category-destaque","category-noticias"],"amp_enabled":true,"_links":{"self":[{"href":"https:\/\/www2.comunitaria.com.br\/en\/wp-json\/wp\/v2\/posts\/71010","targetHints":{"allow":["GET"]}}],"collection":[{"href":"https:\/\/www2.comunitaria.com.br\/en\/wp-json\/wp\/v2\/posts"}],"about":[{"href":"https:\/\/www2.comunitaria.com.br\/en\/wp-json\/wp\/v2\/types\/post"}],"author":[{"embeddable":true,"href":"https:\/\/www2.comunitaria.com.br\/en\/wp-json\/wp\/v2\/users\/2"}],"replies":[{"embeddable":true,"href":"https:\/\/www2.comunitaria.com.br\/en\/wp-json\/wp\/v2\/comments?post=71010"}],"version-history":[{"count":0,"href":"https:\/\/www2.comunitaria.com.br\/en\/wp-json\/wp\/v2\/posts\/71010\/revisions"}],"wp:featuredmedia":[{"embeddable":true,"href":"https:\/\/www2.comunitaria.com.br\/en\/wp-json\/wp\/v2\/media\/71011"}],"wp:attachment":[{"href":"https:\/\/www2.comunitaria.com.br\/en\/wp-json\/wp\/v2\/media?parent=71010"}],"wp:term":[{"taxonomy":"category","embeddable":true,"href":"https:\/\/www2.comunitaria.com.br\/en\/wp-json\/wp\/v2\/categories?post=71010"},{"taxonomy":"post_tag","embeddable":true,"href":"https:\/\/www2.comunitaria.com.br\/en\/wp-json\/wp\/v2\/tags?post=71010"}],"curies":[{"name":"wp","href":"https:\/\/api.w.org\/{rel}","templated":true}]}}