{"id":71006,"date":"2025-12-05T09:43:47","date_gmt":"2025-12-05T11:43:47","guid":{"rendered":"https:\/\/www2.comunitaria.com.br\/?p=71006"},"modified":"2025-12-05T09:43:47","modified_gmt":"2025-12-05T11:43:47","slug":"mais-de-r-6-milhoes-sao-bloqueados-em-operacao-contra-lavagem-de-dinheiro-do-trafico-no-rs","status":"publish","type":"post","link":"https:\/\/www2.comunitaria.com.br\/en\/mais-de-r-6-milhoes-sao-bloqueados-em-operacao-contra-lavagem-de-dinheiro-do-trafico-no-rs\/","title":{"rendered":"Mais de R$ 6 milh\u00f5es s\u00e3o bloqueados em opera\u00e7\u00e3o contra lavagem de dinheiro do tr\u00e1fico no RS"},"content":{"rendered":"<p><em>Fac\u00e7\u00e3o \u00e9 alvo da Pol\u00edcia Civil em oito cidades ga\u00fachas<\/em><\/p>\n<p>Uma c\u00e9lula da fac\u00e7\u00e3o Os Manos \u00e9 alvo do Departamento Estadual de Investiga\u00e7\u00f5es Criminais (DEIC) nesta sexta-feira em oito cidades ga\u00fachas. S\u00e3o cumpridos 29 mandados de pris\u00e3o preventiva, 49 ordens de busca e apreens\u00e3o, 14 sequestros de ve\u00edculos de luxo e 16 suspens\u00f5es da atividade econ\u00f4mica de empresas usadas para lavagem de dinheiro, al\u00e9m do bloqueio de R$ 6,2 milh\u00f5es em 39 contas banc\u00e1rias.<\/p>\n<div id=\"_ppads_outstream_intext\" data-premium=\"\" data-adunit=\"CORREIO_DO_POVO_INTEXT_01\" data-sizes-mobile=\"[[336,280],[300,250]]\" data-sizes-desktop=\"[[336,280],[320,320],[300,300],[300,250]]\" data-type=\"intext\" data-count=\"1\" data-fetch=\"true\" data-google-query-id=\"CJznhJyuppEDFZyDYQYdxMgJOA\">\n<p>Mais de 145 policiais fazem dilig\u00eancias em Sapucaia do Sul, S\u00e3o Leopoldo, Novo Hamburgo, Campo Bom, Port\u00e3o, S\u00e3o Sebasti\u00e3o do Ca\u00ed, Taquara e Montenegro. O objetivo \u00e9 desarticular o n\u00facleo financeiro do grupo criminoso, enfraquecendo o fluxo de recursos il\u00edcitos e capacidade operacional dos traficantes.<\/p>\n<p>A a\u00e7\u00e3o decorre da pris\u00e3o, em janeiro de 2024, de um indiv\u00edduo identificado como lideran\u00e7a regional da maior organiza\u00e7\u00e3o criminosa atuante no RS. Com o avan\u00e7o das investiga\u00e7\u00f5es, o DEIC atuou de forma integrada em duas frentes. A Delegacia de Capturas (DECAP) concentrou-se na apura\u00e7\u00e3o relacionada \u00e0 organiza\u00e7\u00e3o criminosa, identificando sua estrutura, divis\u00e3o de fun\u00e7\u00f5es, hierarquia interna e \u00e1reas de atua\u00e7\u00e3o. Paralelamente, a Delegacia de Lavagem de Dinheiro das Organiza\u00e7\u00f5es Criminosas (DRLD-OC) desenvolveu investiga\u00e7\u00e3o voltada ao n\u00facleo financeiro dos mesmos investigados, identificando mecanismos de lavagem de capitais, oculta\u00e7\u00e3o de bens, movimenta\u00e7\u00f5es banc\u00e1rias incompat\u00edveis e utiliza\u00e7\u00e3o de terceiros para administrar e dissimular patrim\u00f4nio.<\/p>\n<p>O conjunto de elementos colhidos pelas duas delegacias permitiu \u00e0 Pol\u00edcia Civil demonstrar a exist\u00eancia de um esquema estruturado destinado a sustentar financeiramente as a\u00e7\u00f5es da fac\u00e7\u00e3o, bem como a reinvestir recursos il\u00edcitos provenientes de atividades como tr\u00e1fico de drogas e delitos violentos. Diante das evid\u00eancias apresentadas, o Poder Judici\u00e1rio deferiu pris\u00f5es preventivas, mandados de busca e apreens\u00e3o, al\u00e9m de medidas patrimoniais, incluindo sequestro de bens m\u00f3veis e im\u00f3veis e bloqueio de contas banc\u00e1rias.<\/p>\n<p>A opera\u00e7\u00e3o impactou diretamente a capacidade financeira e operacional da c\u00e9lula, interrompendo fluxos de recursos il\u00edcitos e restringindo a movimenta\u00e7\u00e3o patrimonial do grupo investigado. A medida integra a estrat\u00e9gia institucional de combate ao crime organizado, que prioriza n\u00e3o apenas a responsabiliza\u00e7\u00e3o de executores de delitos violentos, mas tamb\u00e9m a neutraliza\u00e7\u00e3o da estrutura econ\u00f4mica que sustenta a atua\u00e7\u00e3o das organiza\u00e7\u00f5es criminosas.<\/p>\n<p>A Pol\u00edcia Civil do Rio Grande do Sul refor\u00e7a seu compromisso com a repress\u00e3o qualificada ao crime organizado, por meio de investiga\u00e7\u00f5es complexas, integra\u00e7\u00e3o entre unidades especializadas e a\u00e7\u00f5es coordenadas voltadas \u00e0 preserva\u00e7\u00e3o da ordem p\u00fablica e \u00e0 prote\u00e7\u00e3o da sociedade ga\u00facha.<\/p>\n<p>&nbsp;<\/p>\n<div id=\"ppBoxFinalMateria\">\n<div id=\"pads_intext-176493458616624\" data-premium=\"\" data-adunit=\"CORREIO_DO_POVO_FINAL_MATERIA_01\" data-sizes-mobile=\"[[336,280],[300,250]]\" data-sizes-desktop=\"[[336,280],[320,320],[300,300],[300,250]]\" data-type=\"intext\" data-count=\"3\" data-fetch=\"true\" data-google-query-id=\"COyA-6muppEDFTdIuAQdRkUi7g\">\n<div class=\"pp-mgid\">\n<div data-type=\"_mgwidget\" data-widget-id=\"1848113\" data-uid=\"0c2fb\">\n<div id=\"mgw1848113_0c2fb\">\n<div>\n<div class=\"mgbox\" data-template-type=\"container\">&nbsp;<\/div>\n<\/div>\n<\/div>\n<\/div>\n<\/div>\n<\/div>\n<\/div>\n<\/div>\n","protected":false},"excerpt":{"rendered":"<p>Fac\u00e7\u00e3o \u00e9 alvo da Pol\u00edcia Civil em oito cidades ga\u00fachas Uma c\u00e9lula da fac\u00e7\u00e3o Os Manos \u00e9 alvo do Departamento Estadual de Investiga\u00e7\u00f5es Criminais (DEIC) nesta sexta-feira em oito cidades&#8230;<\/p>","protected":false},"author":2,"featured_media":71007,"comment_status":"closed","ping_status":"closed","sticky":false,"template":"","format":"standard","meta":{"ngg_post_thumbnail":0,"footnotes":""},"categories":[46,28,33],"tags":[],"class_list":["post-71006","post","type-post","status-publish","format-standard","has-post-thumbnail","hentry","category-estado","category-destaque","category-noticias"],"amp_enabled":true,"_links":{"self":[{"href":"https:\/\/www2.comunitaria.com.br\/en\/wp-json\/wp\/v2\/posts\/71006","targetHints":{"allow":["GET"]}}],"collection":[{"href":"https:\/\/www2.comunitaria.com.br\/en\/wp-json\/wp\/v2\/posts"}],"about":[{"href":"https:\/\/www2.comunitaria.com.br\/en\/wp-json\/wp\/v2\/types\/post"}],"author":[{"embeddable":true,"href":"https:\/\/www2.comunitaria.com.br\/en\/wp-json\/wp\/v2\/users\/2"}],"replies":[{"embeddable":true,"href":"https:\/\/www2.comunitaria.com.br\/en\/wp-json\/wp\/v2\/comments?post=71006"}],"version-history":[{"count":0,"href":"https:\/\/www2.comunitaria.com.br\/en\/wp-json\/wp\/v2\/posts\/71006\/revisions"}],"wp:featuredmedia":[{"embeddable":true,"href":"https:\/\/www2.comunitaria.com.br\/en\/wp-json\/wp\/v2\/media\/71007"}],"wp:attachment":[{"href":"https:\/\/www2.comunitaria.com.br\/en\/wp-json\/wp\/v2\/media?parent=71006"}],"wp:term":[{"taxonomy":"category","embeddable":true,"href":"https:\/\/www2.comunitaria.com.br\/en\/wp-json\/wp\/v2\/categories?post=71006"},{"taxonomy":"post_tag","embeddable":true,"href":"https:\/\/www2.comunitaria.com.br\/en\/wp-json\/wp\/v2\/tags?post=71006"}],"curies":[{"name":"wp","href":"https:\/\/api.w.org\/{rel}","templated":true}]}}