{"id":71004,"date":"2025-12-05T09:27:35","date_gmt":"2025-12-05T11:27:35","guid":{"rendered":"https:\/\/www2.comunitaria.com.br\/?p=71004"},"modified":"2025-12-05T09:27:35","modified_gmt":"2025-12-05T11:27:35","slug":"estudante-de-15-anos-e-esfaqueado-por-adolescente-dentro-de-escola-municipal-na-serra-do-rs","status":"publish","type":"post","link":"https:\/\/www2.comunitaria.com.br\/en\/estudante-de-15-anos-e-esfaqueado-por-adolescente-dentro-de-escola-municipal-na-serra-do-rs\/","title":{"rendered":"Estudante de 15 anos \u00e9 esfaqueado por adolescente dentro de escola municipal na Serra do RS"},"content":{"rendered":"<p class=\"content-head__subtitle\"><em>Justi\u00e7a decretou interna\u00e7\u00e3o provis\u00f3ria da adolescente. V\u00edtima recebeu primeiro atendimento m\u00e9dico em Vacaria e depois foi transferida para hospital em Caxias do Sul.<\/em><\/p>\n<p>Um estudante de 15 anos foi esfaqueado por uma adolescente de 16 anos&nbsp;dentro de uma escola em&nbsp;Monte Alegre dos Campos, munic\u00edpio de 3,1 mil habitantes na Serra do RS. O caso \u00e9 apurado pela Pol\u00edcia Civil.<\/p>\n<div id=\"chunk-e6bk4\">\n<div class=\"mc-column content-text active-extra-styles\" data-block-type=\"unstyled\" data-block-weight=\"36\" data-block-id=\"5\">\n<p class=\"content-text__container\" data-track-category=\"Link no Texto\" data-track-links=\"\" data-mrf-recirculation=\"Mat\u00e9ria - Links no Texto\">O menino recebeu o primeiro atendimento m\u00e9dico em&nbsp;Vacaria&nbsp;e, em seguida, foi transferido para um hospital de&nbsp;Caxias do Sul. De acordo com o delegado regional Carlos Alberto Defaveri, ele&nbsp;n\u00e3o corre risco de morrer.<\/p>\n<\/div>\n<\/div>\n<div id=\"chunk-5pvgd\">\n<div class=\"mc-column content-text active-extra-styles\" data-block-type=\"unstyled\" data-block-weight=\"37\" data-block-id=\"6\">\n<p class=\"content-text__container\" data-track-category=\"Link no Texto\" data-track-links=\"\" data-mrf-recirculation=\"Mat\u00e9ria - Links no Texto\">A adolescente suspeita de agredir o estudante foi apreendida e ficou sob cust\u00f3dia da pol\u00edcia. Na quinta-feira (4), a Vara da Inf\u00e2ncia e Juventude decretou a interna\u00e7\u00e3o provis\u00f3ria&nbsp;dela, que ser\u00e1 transferida para&nbsp;Porto Alegre, informou Defaveri.<\/p>\n<\/div>\n<\/div>\n<div id=\"chunk-4lcmh\">\n<div class=\"mc-column content-text active-extra-styles\" data-block-type=\"unstyled\" data-block-weight=\"40\" data-block-id=\"7\">\n<p class=\"content-text__container\" data-track-category=\"Link no Texto\" data-track-links=\"\" data-mrf-recirculation=\"Mat\u00e9ria - Links no Texto\">A interna\u00e7\u00e3o provis\u00f3ria foi determinada por ato infracional equivalente \u00e0 tentativa de homic\u00eddio e tem dura\u00e7\u00e3o de 45 dias, conforme o Estatuto da Crian\u00e7a e do Adolescente (ECA). Detalhes n\u00e3o foram divulgados porque o caso est\u00e1 em segredo de justi\u00e7a.<\/p>\n<div id=\"chunk-8e0g2\">\n<div class=\"mc-column content-text active-extra-styles\" data-block-type=\"unstyled\" data-block-weight=\"25\" data-block-id=\"10\">\n<p class=\"content-text__container\" data-track-category=\"Link no Texto\" data-track-links=\"\" data-mrf-recirculation=\"Mat\u00e9ria - Links no Texto\">Em nota, a prefeitura de Monte Alegre dos Campos lamentou o caso e disse que as medidas necess\u00e1rias foram tomadas.&nbsp;<\/p>\n<\/div>\n<\/div>\n<div id=\"chunk-fcmtk\">\n<div class=\"mc-column content-text active-extra-styles\" data-block-type=\"unstyled\" data-block-weight=\"18\" data-block-id=\"11\">\n<p class=\"content-text__container\" data-track-category=\"Link no Texto\" data-track-links=\"\" data-mrf-recirculation=\"Mat\u00e9ria - Links no Texto\">A Secretaria Municipal de Educa\u00e7\u00e3o&nbsp;suspendeu as aulas&nbsp;na institui\u00e7\u00e3o. As atividades devem ser retomadas na segunda-feira (8).<\/p>\n<\/div>\n<\/div>\n<\/div>\n<\/div>","protected":false},"excerpt":{"rendered":"<p>Justi\u00e7a decretou interna\u00e7\u00e3o provis\u00f3ria da adolescente. V\u00edtima recebeu primeiro atendimento m\u00e9dico em Vacaria e depois foi transferida para hospital em Caxias do Sul. Um estudante de 15 anos foi esfaqueado&#8230;<\/p>","protected":false},"author":2,"featured_media":71005,"comment_status":"closed","ping_status":"closed","sticky":false,"template":"","format":"standard","meta":{"ngg_post_thumbnail":0,"footnotes":""},"categories":[28,33],"tags":[],"class_list":["post-71004","post","type-post","status-publish","format-standard","has-post-thumbnail","hentry","category-destaque","category-noticias"],"amp_enabled":true,"_links":{"self":[{"href":"https:\/\/www2.comunitaria.com.br\/en\/wp-json\/wp\/v2\/posts\/71004","targetHints":{"allow":["GET"]}}],"collection":[{"href":"https:\/\/www2.comunitaria.com.br\/en\/wp-json\/wp\/v2\/posts"}],"about":[{"href":"https:\/\/www2.comunitaria.com.br\/en\/wp-json\/wp\/v2\/types\/post"}],"author":[{"embeddable":true,"href":"https:\/\/www2.comunitaria.com.br\/en\/wp-json\/wp\/v2\/users\/2"}],"replies":[{"embeddable":true,"href":"https:\/\/www2.comunitaria.com.br\/en\/wp-json\/wp\/v2\/comments?post=71004"}],"version-history":[{"count":0,"href":"https:\/\/www2.comunitaria.com.br\/en\/wp-json\/wp\/v2\/posts\/71004\/revisions"}],"wp:featuredmedia":[{"embeddable":true,"href":"https:\/\/www2.comunitaria.com.br\/en\/wp-json\/wp\/v2\/media\/71005"}],"wp:attachment":[{"href":"https:\/\/www2.comunitaria.com.br\/en\/wp-json\/wp\/v2\/media?parent=71004"}],"wp:term":[{"taxonomy":"category","embeddable":true,"href":"https:\/\/www2.comunitaria.com.br\/en\/wp-json\/wp\/v2\/categories?post=71004"},{"taxonomy":"post_tag","embeddable":true,"href":"https:\/\/www2.comunitaria.com.br\/en\/wp-json\/wp\/v2\/tags?post=71004"}],"curies":[{"name":"wp","href":"https:\/\/api.w.org\/{rel}","templated":true}]}}