{"id":70938,"date":"2025-11-27T17:19:39","date_gmt":"2025-11-27T19:19:39","guid":{"rendered":"https:\/\/www2.comunitaria.com.br\/?p=70938"},"modified":"2025-11-27T17:19:39","modified_gmt":"2025-11-27T19:19:39","slug":"policia-civil-de-rodeio-bonito-ira-apurar-as-causas-de-acidente-com-obito","status":"publish","type":"post","link":"https:\/\/www2.comunitaria.com.br\/en\/policia-civil-de-rodeio-bonito-ira-apurar-as-causas-de-acidente-com-obito\/","title":{"rendered":"Pol\u00edcia Civil de Rodeio Bonito ir\u00e1 apurar as causas de acidente com \u00f3bito"},"content":{"rendered":"<p>A Pol\u00edcia Civil de Rodeio Bonito tomou conhecimento e atendeu, na manh\u00e3 desta quinta-feira, (27) , uma ocorr\u00eancia de acidente envolvendo um caminh\u00e3o-ca\u00e7amba da Prefeitura Municipal, na regi\u00e3o da Balsa que d\u00e1 acesso ao Distrito de Saltinho.<\/p>\n<p>A guarni\u00e7\u00e3o da Brigada Militar havia sido acionada via telefone 190, informando sobre um acidente com v\u00edtima envolvendo o referido ve\u00edculo. No local, j\u00e1 se encontrava o SAMU, que realizou o atendimento e encaminhou o senhor Davi Maciel, 47 anos, ao Hospital S\u00e3o Jos\u00e9. Minutos depois, o hospital comunicou que a v\u00edtima n\u00e3o resistiu aos ferimentos e veio a \u00f3bito.<\/p>\n<p>A Pol\u00edcia Civil adotou as medidas pertinentes. O ve\u00edculo foi apreendido para realiza\u00e7\u00e3o de per\u00edcia, imagens de c\u00e2meras de seguran\u00e7a foram coletadas e testemunhas, bem como o motorista respons\u00e1vel pelo caminh\u00e3o, foram ouvidos. Segundo o motorista, o caminh\u00e3o estava ligado e com o freio acionado enquanto ele trabalhava no recolhimento de pedras, quando, inesperadamente, o ve\u00edculo desceu desgovernado.<\/p>\n<p>O Instituto-Geral de Per\u00edcias (IGP) foi acionado para realiza\u00e7\u00e3o de necropsia da v\u00edtima. Um inqu\u00e9rito policial foi instaurado para apurar as circunst\u00e2ncias do acidente, inclusive para verificar poss\u00edvel falha mec\u00e2nica no ve\u00edculo.<\/p>\n<p>A Pol\u00edcia Civil seguir\u00e1 com as investiga\u00e7\u00f5es at\u00e9 o completo esclarecimento dos fatos.<\/p>","protected":false},"excerpt":{"rendered":"<p>A Pol\u00edcia Civil de Rodeio Bonito tomou conhecimento e atendeu, na manh\u00e3 desta quinta-feira, (27) , uma ocorr\u00eancia de acidente envolvendo um caminh\u00e3o-ca\u00e7amba da Prefeitura Municipal, na regi\u00e3o da Balsa&#8230;<\/p>","protected":false},"author":2,"featured_media":70940,"comment_status":"closed","ping_status":"closed","sticky":false,"template":"","format":"standard","meta":{"ngg_post_thumbnail":0,"footnotes":""},"categories":[28,33,43],"tags":[],"class_list":["post-70938","post","type-post","status-publish","format-standard","has-post-thumbnail","hentry","category-destaque","category-noticias","category-regiao"],"amp_enabled":true,"_links":{"self":[{"href":"https:\/\/www2.comunitaria.com.br\/en\/wp-json\/wp\/v2\/posts\/70938","targetHints":{"allow":["GET"]}}],"collection":[{"href":"https:\/\/www2.comunitaria.com.br\/en\/wp-json\/wp\/v2\/posts"}],"about":[{"href":"https:\/\/www2.comunitaria.com.br\/en\/wp-json\/wp\/v2\/types\/post"}],"author":[{"embeddable":true,"href":"https:\/\/www2.comunitaria.com.br\/en\/wp-json\/wp\/v2\/users\/2"}],"replies":[{"embeddable":true,"href":"https:\/\/www2.comunitaria.com.br\/en\/wp-json\/wp\/v2\/comments?post=70938"}],"version-history":[{"count":0,"href":"https:\/\/www2.comunitaria.com.br\/en\/wp-json\/wp\/v2\/posts\/70938\/revisions"}],"wp:featuredmedia":[{"embeddable":true,"href":"https:\/\/www2.comunitaria.com.br\/en\/wp-json\/wp\/v2\/media\/70940"}],"wp:attachment":[{"href":"https:\/\/www2.comunitaria.com.br\/en\/wp-json\/wp\/v2\/media?parent=70938"}],"wp:term":[{"taxonomy":"category","embeddable":true,"href":"https:\/\/www2.comunitaria.com.br\/en\/wp-json\/wp\/v2\/categories?post=70938"},{"taxonomy":"post_tag","embeddable":true,"href":"https:\/\/www2.comunitaria.com.br\/en\/wp-json\/wp\/v2\/tags?post=70938"}],"curies":[{"name":"wp","href":"https:\/\/api.w.org\/{rel}","templated":true}]}}