{"id":70936,"date":"2025-11-26T17:13:19","date_gmt":"2025-11-26T19:13:19","guid":{"rendered":"https:\/\/www2.comunitaria.com.br\/?p=70936"},"modified":"2025-11-26T17:13:19","modified_gmt":"2025-11-26T19:13:19","slug":"prefeitura-de-frederico-westphalen-retoma-castracoes-e-convoca-tutores-de-animais-cadastrados","status":"publish","type":"post","link":"https:\/\/www2.comunitaria.com.br\/en\/prefeitura-de-frederico-westphalen-retoma-castracoes-e-convoca-tutores-de-animais-cadastrados\/","title":{"rendered":"Prefeitura de Frederico Westphalen retoma castra\u00e7\u00f5es e convoca tutores de animais cadastrados"},"content":{"rendered":"<p>A Prefeitura de Frederico Westphalen, por meio da Secretaria Municipal do Meio Ambiente, iniciou uma nova etapa do programa de castra\u00e7\u00e3o de c\u00e3es e gatos do munic\u00edpio. Tutores que realizaram o cadastro pr\u00e9vio est\u00e3o sendo contatados por telefone para agendar o procedimento no Consult\u00f3rio Veterin\u00e1rio Municipal.<\/p>\n<p>De acordo com o secret\u00e1rio municipal do Meio Ambiente, Vanderlei Rodrigues de Matos, a prioridade neste primeiro momento ser\u00e1 a castra\u00e7\u00e3o de f\u00eameas, seguindo uma orienta\u00e7\u00e3o do Minist\u00e9rio P\u00fablico. \u201cO tutor passa por um question\u00e1rio inicial sobre as condi\u00e7\u00f5es do animal \u2014 se apresenta algum problema de sa\u00fade, faz uso de medica\u00e7\u00e3o ou se est\u00e1 no cio. Essas informa\u00e7\u00f5es s\u00e3o essenciais para que o veterin\u00e1rio avalie o estado do animal antes da cirurgia\u201d, explicou.<\/p>\n<p>As castra\u00e7\u00f5es foram retomadas ap\u00f3s a contrata\u00e7\u00e3o de um novo m\u00e9dico-veterin\u00e1rio, que atuar\u00e1 exclusivamente na realiza\u00e7\u00e3o desses procedimentos, cumprindo uma carga hor\u00e1ria de 40 horas semanais. A medida tem como objetivo reduzir a fila de espera, que atualmente conta com cerca de 400 animais cadastrados.<\/p>\n<p>Para garantir a continuidade do programa, a Secretaria do Meio Ambiente est\u00e1 repondo o estoque de insumos e materiais utilizados nas cirurgias, evitando assim qualquer interrup\u00e7\u00e3o no servi\u00e7o.<\/p>\n<p>Com essa a\u00e7\u00e3o, a administra\u00e7\u00e3o municipal refor\u00e7a o compromisso com o controle populacional de c\u00e3es e gatos e com a promo\u00e7\u00e3o da sa\u00fade p\u00fablica e do bem-estar animal em Frederico Westphalen. Informa\u00e7\u00f5es pode ser obtida via whatsapp (55) 9 9908-9706.<\/p>","protected":false},"excerpt":{"rendered":"<p>A Prefeitura de Frederico Westphalen, por meio da Secretaria Municipal do Meio Ambiente, iniciou uma nova etapa do programa de castra\u00e7\u00e3o de c\u00e3es e gatos do munic\u00edpio. Tutores que realizaram o cadastro pr\u00e9vio est\u00e3o sendo contatados por telefone para agendar o procedimento no Consult\u00f3rio Veterin\u00e1rio Municipal. De acordo com o secret\u00e1rio municipal do Meio Ambiente,<\/p>\n<div class=\"read-more-wrapper\"><a class=\"read-more\" href=\"https:\/\/www2.comunitaria.com.br\/en\/prefeitura-de-frederico-westphalen-retoma-castracoes-e-convoca-tutores-de-animais-cadastrados\/\" title=\"Read More\"> <span class=\"button\">Read More<\/span><\/a><\/div>","protected":false},"author":2,"featured_media":70937,"comment_status":"closed","ping_status":"closed","sticky":false,"template":"","format":"standard","meta":{"ngg_post_thumbnail":0,"footnotes":""},"categories":[42,33],"tags":[],"class_list":["post-70936","post","type-post","status-publish","format-standard","has-post-thumbnail","hentry","category-fred-west","category-noticias"],"amp_enabled":true,"_links":{"self":[{"href":"https:\/\/www2.comunitaria.com.br\/en\/wp-json\/wp\/v2\/posts\/70936","targetHints":{"allow":["GET"]}}],"collection":[{"href":"https:\/\/www2.comunitaria.com.br\/en\/wp-json\/wp\/v2\/posts"}],"about":[{"href":"https:\/\/www2.comunitaria.com.br\/en\/wp-json\/wp\/v2\/types\/post"}],"author":[{"embeddable":true,"href":"https:\/\/www2.comunitaria.com.br\/en\/wp-json\/wp\/v2\/users\/2"}],"replies":[{"embeddable":true,"href":"https:\/\/www2.comunitaria.com.br\/en\/wp-json\/wp\/v2\/comments?post=70936"}],"version-history":[{"count":0,"href":"https:\/\/www2.comunitaria.com.br\/en\/wp-json\/wp\/v2\/posts\/70936\/revisions"}],"wp:featuredmedia":[{"embeddable":true,"href":"https:\/\/www2.comunitaria.com.br\/en\/wp-json\/wp\/v2\/media\/70937"}],"wp:attachment":[{"href":"https:\/\/www2.comunitaria.com.br\/en\/wp-json\/wp\/v2\/media?parent=70936"}],"wp:term":[{"taxonomy":"category","embeddable":true,"href":"https:\/\/www2.comunitaria.com.br\/en\/wp-json\/wp\/v2\/categories?post=70936"},{"taxonomy":"post_tag","embeddable":true,"href":"https:\/\/www2.comunitaria.com.br\/en\/wp-json\/wp\/v2\/tags?post=70936"}],"curies":[{"name":"wp","href":"https:\/\/api.w.org\/{rel}","templated":true}]}}