{"id":70899,"date":"2025-11-25T15:00:30","date_gmt":"2025-11-25T17:00:30","guid":{"rendered":"https:\/\/www2.comunitaria.com.br\/?p=70899"},"modified":"2025-11-25T15:00:30","modified_gmt":"2025-11-25T17:00:30","slug":"mp-denuncia-4-servidores-da-policia-penal-por-desviar-alimentos-medicamentos-e-produtos-de-limpeza-de-presidio-do-rs","status":"publish","type":"post","link":"https:\/\/www2.comunitaria.com.br\/en\/mp-denuncia-4-servidores-da-policia-penal-por-desviar-alimentos-medicamentos-e-produtos-de-limpeza-de-presidio-do-rs\/","title":{"rendered":"MP denuncia 4 servidores da Pol\u00edcia Penal por desviar alimentos, medicamentos e produtos de limpeza de pres\u00eddio do RS"},"content":{"rendered":"<p class=\"content-head__subtitle\"><em>Os denunciados s\u00e3o a ex-diretora da casa prisional, o chefe de seguran\u00e7a e dois policiais penais. Crimes teriam sido cometidos no Pres\u00eddio Estadual de Get\u00falio Vargas, na Regi\u00e3o Norte do Rio Grande do Sul.<\/em><\/p>\n<div id=\"chunk-1is1p\">\n<div class=\"mc-column content-text active-extra-styles\" data-block-type=\"unstyled\" data-block-weight=\"42\" data-block-id=\"2\">\n<p class=\"content-text__container\" data-track-category=\"Link no Texto\" data-track-links=\"\" data-mrf-recirculation=\"Mat\u00e9ria - Links no Texto\">O Minist\u00e9rio P\u00fablico (MP) denunciou&nbsp;quatro servidores da Pol\u00edcia Penal&nbsp;do Rio Grande do Sul&nbsp;<span class=\"highlight highlighted\">por crimes cometidos no Pres\u00eddio Estadual de Get\u00falio Vargas<\/span>, na Regi\u00e3o Norte do Rio Grande do Sul, a den\u00fancia foi encaminhada \u00e0 Justi\u00e7a na segunda-feira (24).<\/p>\n<\/div>\n<\/div>\n<div class=\"wall protected-content\">\n<div id=\"chunk-bcfru\">\n<div class=\"mc-column content-text active-extra-styles\" data-block-type=\"unstyled\" data-block-weight=\"66\" data-block-id=\"4\">\n<p class=\"content-text__container\" data-track-category=\"Link no Texto\" data-track-links=\"\" data-mrf-recirculation=\"Mat\u00e9ria - Links no Texto\">De acordo com o MP,&nbsp;<span class=\"highlight highlighted\">os denunciados s\u00e3o a ex-diretora da casa prisional, o chefe de seguran\u00e7a e dois policiais penais<\/span>. Um dos agentes penitenci\u00e1rios \u00e9 suspeito de desviar pertences do pres\u00eddio; a ex-diretora por ter tentado impedir a investiga\u00e7\u00e3o do caso; outro agente por tentar influenciar a ex-diretora a manter a omiss\u00e3o; e o chefe de seguran\u00e7a por falhar na fiscaliza\u00e7\u00e3o que impediria o crime.<\/p>\n<div id=\"chunk-btp1n\">\n<div class=\"mc-column content-text active-extra-styles\" data-block-type=\"unstyled\" data-block-weight=\"37\" data-block-id=\"9\">\n<p class=\"content-text__container\" data-track-category=\"Link no Texto\" data-track-links=\"\" data-mrf-recirculation=\"Mat\u00e9ria - Links no Texto\">Conforme a investiga\u00e7\u00e3o do caso, um dos agentes penitenci\u00e1rios \u00e9 suspeito de&nbsp;<span class=\"highlight highlighted\">desviar alimentos, medicamentos, produtos de limpeza e utens\u00edlios da unidade<\/span>&nbsp;entre 2016 e 2025. Os desvios ocorreriam durante a madrugada, quando os colegas estavam dormindo.<\/p>\n<\/div>\n<\/div>\n<div id=\"chunk-7d2fj\">\n<div class=\"mc-column content-text active-extra-styles\" data-block-type=\"unstyled\" data-block-weight=\"21\" data-block-id=\"10\">\n<p class=\"content-text__container\" data-track-category=\"Link no Texto\" data-track-links=\"\" data-mrf-recirculation=\"Mat\u00e9ria - Links no Texto\">O servidor tamb\u00e9m teria comercializado medicamentos controlados, pr\u00e1tica que configura tr\u00e1fico de drogas.&nbsp;<\/p>\n<\/div>\n<\/div>\n<div id=\"chunk-7uqp2\">\n<div class=\"mc-column content-text active-extra-styles\" data-block-type=\"unstyled\" data-block-weight=\"29\" data-block-id=\"11\">\n<p class=\"content-text__container\" data-track-category=\"Link no Texto\" data-track-links=\"\" data-mrf-recirculation=\"Mat\u00e9ria - Links no Texto\">A ent\u00e3o diretora do pres\u00eddio tamb\u00e9m foi denunciada por condescend\u00eancia criminosa e prevarica\u00e7\u00e3o. Ela n\u00e3o teria responsabilizado o agente&nbsp;<span class=\"highlight highlighted\">e teria<\/span><strong><span class=\"highlight highlighted\">&nbsp;<\/span><\/strong><span class=\"highlight highlighted\">tentado impedir apura\u00e7\u00f5es afastando policiais que denunciavam irregularidades<\/span>.<\/p>\n<div id=\"chunk-bda85\">\n<div class=\"mc-column content-text active-extra-styles\" data-block-type=\"unstyled\" data-block-weight=\"34\" data-block-id=\"14\">\n<p class=\"content-text__container\" data-track-category=\"Link no Texto\" data-track-links=\"\" data-mrf-recirculation=\"Mat\u00e9ria - Links no Texto\">O outropolicial penal\u00e9 suspeito de&nbsp;<span class=\"highlight highlighted\">influenciar a diretora para manter a omiss\u00e3o<\/span>. J\u00e1 o&nbsp;chefe de seguran\u00e7a&nbsp;responde por&nbsp;peculato culposo&nbsp;devido a<strong>&nbsp;<\/strong>falhas na fiscaliza\u00e7\u00e3o, o que teria facilitado os desvios.<\/p>\n<\/div>\n<\/div>\n<div id=\"chunk-4gb7e\">\n<div class=\"mc-column content-text active-extra-styles\" data-block-type=\"unstyled\" data-block-weight=\"28\" data-block-id=\"15\">\n<p data-track-category=\"Link no Texto\" data-track-links=\"\" data-mrf-recirculation=\"Mat\u00e9ria - Links no Texto\">As identidades deles n\u00e3o foram divulgadas.<\/p>\n<p class=\"content-text__container\" data-track-category=\"Link no Texto\" data-track-links=\"\" data-mrf-recirculation=\"Mat\u00e9ria - Links no Texto\">O MP solicitou \u00e0 Justi\u00e7a que os quatro fossem responsabilizados com fixa\u00e7\u00e3o de um valor m\u00ednimo para repara\u00e7\u00e3o dos danos que n\u00e3o seja menor que 20 sal\u00e1rios m\u00ednimos.<\/p>\n<p data-track-category=\"Link no Texto\" data-track-links=\"\" data-mrf-recirculation=\"Mat\u00e9ria - Links no Texto\">&nbsp;<\/p>\n<\/div>\n<\/div>\n<\/div>\n<\/div>\n<\/div>\n<\/div>\n<\/div>","protected":false},"excerpt":{"rendered":"<p>Os denunciados s\u00e3o a ex-diretora da casa prisional, o chefe de seguran\u00e7a e dois policiais penais. Crimes teriam sido cometidos no Pres\u00eddio Estadual de Get\u00falio Vargas, na Regi\u00e3o Norte do&#8230;<\/p>","protected":false},"author":2,"featured_media":70900,"comment_status":"closed","ping_status":"closed","sticky":false,"template":"","format":"standard","meta":{"ngg_post_thumbnail":0,"footnotes":""},"categories":[46,33],"tags":[],"class_list":["post-70899","post","type-post","status-publish","format-standard","has-post-thumbnail","hentry","category-estado","category-noticias"],"amp_enabled":true,"_links":{"self":[{"href":"https:\/\/www2.comunitaria.com.br\/en\/wp-json\/wp\/v2\/posts\/70899","targetHints":{"allow":["GET"]}}],"collection":[{"href":"https:\/\/www2.comunitaria.com.br\/en\/wp-json\/wp\/v2\/posts"}],"about":[{"href":"https:\/\/www2.comunitaria.com.br\/en\/wp-json\/wp\/v2\/types\/post"}],"author":[{"embeddable":true,"href":"https:\/\/www2.comunitaria.com.br\/en\/wp-json\/wp\/v2\/users\/2"}],"replies":[{"embeddable":true,"href":"https:\/\/www2.comunitaria.com.br\/en\/wp-json\/wp\/v2\/comments?post=70899"}],"version-history":[{"count":0,"href":"https:\/\/www2.comunitaria.com.br\/en\/wp-json\/wp\/v2\/posts\/70899\/revisions"}],"wp:featuredmedia":[{"embeddable":true,"href":"https:\/\/www2.comunitaria.com.br\/en\/wp-json\/wp\/v2\/media\/70900"}],"wp:attachment":[{"href":"https:\/\/www2.comunitaria.com.br\/en\/wp-json\/wp\/v2\/media?parent=70899"}],"wp:term":[{"taxonomy":"category","embeddable":true,"href":"https:\/\/www2.comunitaria.com.br\/en\/wp-json\/wp\/v2\/categories?post=70899"},{"taxonomy":"post_tag","embeddable":true,"href":"https:\/\/www2.comunitaria.com.br\/en\/wp-json\/wp\/v2\/tags?post=70899"}],"curies":[{"name":"wp","href":"https:\/\/api.w.org\/{rel}","templated":true}]}}