{"id":70884,"date":"2025-11-21T12:24:27","date_gmt":"2025-11-21T14:24:27","guid":{"rendered":"https:\/\/www2.comunitaria.com.br\/?p=70884"},"modified":"2025-11-21T12:24:27","modified_gmt":"2025-11-21T14:24:27","slug":"agencias-do-sicredi-em-frederico-westphalen-entregam-ultimos-premios-da-promocao-capital-premiado","status":"publish","type":"post","link":"https:\/\/www2.comunitaria.com.br\/en\/agencias-do-sicredi-em-frederico-westphalen-entregam-ultimos-premios-da-promocao-capital-premiado\/","title":{"rendered":"Ag\u00eancias do Sicredi em Frederico Westphalen entregam \u00faltimos pr\u00eamios da promo\u00e7\u00e3o Capital Premiado"},"content":{"rendered":"<p>As ag\u00eancias da Sicredi Conex\u00e3o em Frederico Westphalen realizaram, na manh\u00e3 desta sexta-feira, a entrega dos \u00faltimos vales-compras da promo\u00e7\u00e3o Capital Premiado. No total, 10 associados do munic\u00edpio foram contemplados com vales-compras de R$ 1 mil cada. Al\u00e9m disso, nesta etapa final, tamb\u00e9m foram sorteadas tr\u00eas motos Honda CG 160 \u2014 uma para cada Estado da \u00e1rea de atua\u00e7\u00e3o da Cooperativa \u2014 e uma Fiat Toro 0km, que contemplou o associado de Bom Repouso\/MG.<br \/>\nA campanha, que mobilizou associados ao longo de 2025, encerrou com grande participa\u00e7\u00e3o. Ao todo, mais de 1,2 milh\u00e3o de n\u00fameros da sorte foram gerados e distribu\u00eddos mais de R$ 700 mil em pr\u00eamios.<br \/>\n\u201cTivemos uma participa\u00e7\u00e3o expressiva dos associados e \u00e9 muito gratificante poder entregar estes pr\u00eamios no nosso munic\u00edpio. Al\u00e9m disso, a a\u00e7\u00e3o fortalece a Cooperativa, pois o Capital Social traz solidez e seguran\u00e7a para poder contribuir cada vez mais com o desenvolvimento de Frederico Westphalen e de toda a regi\u00e3o\u201d, destaca Vanderlei Argenta, gerente da ag\u00eancia do Sicredi no bairro Ipiranga.<\/p>","protected":false},"excerpt":{"rendered":"<p>As ag\u00eancias da Sicredi Conex\u00e3o em Frederico Westphalen realizaram, na manh\u00e3 desta sexta-feira, a entrega dos \u00faltimos vales-compras da promo\u00e7\u00e3o Capital Premiado. No total, 10 associados do munic\u00edpio foram contemplados&#8230;<\/p>","protected":false},"author":2,"featured_media":70885,"comment_status":"closed","ping_status":"closed","sticky":false,"template":"","format":"standard","meta":{"ngg_post_thumbnail":0,"footnotes":""},"categories":[7457,33],"tags":[],"class_list":["post-70884","post","type-post","status-publish","format-standard","has-post-thumbnail","hentry","category-fred-west-2","category-noticias"],"amp_enabled":true,"_links":{"self":[{"href":"https:\/\/www2.comunitaria.com.br\/en\/wp-json\/wp\/v2\/posts\/70884","targetHints":{"allow":["GET"]}}],"collection":[{"href":"https:\/\/www2.comunitaria.com.br\/en\/wp-json\/wp\/v2\/posts"}],"about":[{"href":"https:\/\/www2.comunitaria.com.br\/en\/wp-json\/wp\/v2\/types\/post"}],"author":[{"embeddable":true,"href":"https:\/\/www2.comunitaria.com.br\/en\/wp-json\/wp\/v2\/users\/2"}],"replies":[{"embeddable":true,"href":"https:\/\/www2.comunitaria.com.br\/en\/wp-json\/wp\/v2\/comments?post=70884"}],"version-history":[{"count":0,"href":"https:\/\/www2.comunitaria.com.br\/en\/wp-json\/wp\/v2\/posts\/70884\/revisions"}],"wp:featuredmedia":[{"embeddable":true,"href":"https:\/\/www2.comunitaria.com.br\/en\/wp-json\/wp\/v2\/media\/70885"}],"wp:attachment":[{"href":"https:\/\/www2.comunitaria.com.br\/en\/wp-json\/wp\/v2\/media?parent=70884"}],"wp:term":[{"taxonomy":"category","embeddable":true,"href":"https:\/\/www2.comunitaria.com.br\/en\/wp-json\/wp\/v2\/categories?post=70884"},{"taxonomy":"post_tag","embeddable":true,"href":"https:\/\/www2.comunitaria.com.br\/en\/wp-json\/wp\/v2\/tags?post=70884"}],"curies":[{"name":"wp","href":"https:\/\/api.w.org\/{rel}","templated":true}]}}